{"id":10031,"date":"2024-04-29T10:14:10","date_gmt":"2024-04-29T13:14:10","guid":{"rendered":"http:\/\/magistradoscorrientes.com\/magistrados\/?p=10031"},"modified":"2024-04-29T10:14:10","modified_gmt":"2024-04-29T13:14:10","slug":"visita-de-representantes-de-la-asociacion-de-magistrados-y-funcionarios-de-la-justicia-nacional","status":"publish","type":"post","link":"https:\/\/magistradoscorrientes.com\/magistrados\/visita-de-representantes-de-la-asociacion-de-magistrados-y-funcionarios-de-la-justicia-nacional\/","title":{"rendered":"Visita de representantes de la Asociaci\u00f3n de Magistrados y Funcionarios de la Justicia Nacional"},"content":{"rendered":"\n<p><br>El jueves por la tarde, en sede de nuestro Colegio, integrantes de la Comisi\u00f3n Directiva recibieron la visita de los representantes <strong>Asociaci\u00f3n de Magistrados y Funcionarios de la Justicia Nacional (AMFJN)<\/strong>, Seccional Corrientes. \u00a0<\/p>\n\n\n\n<p>Nos visit\u00f3 el Presidente de la Seccional Corrientes, Defensor Oficial ante el Tribunal Oral Federal, Dr Enzo Di Tella junto a la Dra Rosana Marini, el Dr Juan Pedro Resoagli, Dr Javier Carnevali y Dra Mariela Biancucci.<\/p>\n\n\n\n<figure class=\"wp-block-image size-large\"><img loading=\"lazy\" width=\"1024\" height=\"576\" src=\"http:\/\/magistradoscorrientes.com\/magistrados\/wp-content\/uploads\/2024\/04\/IMG_7720-1024x576.jpeg\" alt=\"\" class=\"wp-image-10034\" srcset=\"https:\/\/magistradoscorrientes.com\/magistrados\/wp-content\/uploads\/2024\/04\/IMG_7720-1024x576.jpeg 1024w, https:\/\/magistradoscorrientes.com\/magistrados\/wp-content\/uploads\/2024\/04\/IMG_7720-300x169.jpeg 300w, https:\/\/magistradoscorrientes.com\/magistrados\/wp-content\/uploads\/2024\/04\/IMG_7720-768x432.jpeg 768w, https:\/\/magistradoscorrientes.com\/magistrados\/wp-content\/uploads\/2024\/04\/IMG_7720-1536x864.jpeg 1536w, https:\/\/magistradoscorrientes.com\/magistrados\/wp-content\/uploads\/2024\/04\/IMG_7720-2048x1152.jpeg 2048w\" sizes=\"(max-width: 1024px) 100vw, 1024px\" \/><\/figure>\n\n\n\n<p>En el encuentro se firm\u00f3 un <strong>Convenio Marco Cooperaci\u00f3n<\/strong> para establecer acciones de vinculaci\u00f3n acad\u00e9mica para el desarrollo de actividades de formaci\u00f3n, capacitaci\u00f3n profesional y pr\u00e1ctica de los Magistrados y Funcionarios. Como as\u00ed tambi\u00e9n para desarrollar tareas de investigaci\u00f3n y sociales.<\/p>\n\n\n\n<p>Se estableci\u00f3 que las unidades ejecutoras ser\u00e1n: nuestro Colegio, la Asociaci\u00f3n de Magistrados de la Justicia Nacional a trav\u00e9s de la Escuela de Capacitaci\u00f3n Judicial, Instituto Superior de la Magistratura y al Consejo de Administraci\u00f3n de la Seccional Corrientes.<\/p>\n\n\n\n<figure class=\"wp-block-gallery columns-3 is-cropped\"><ul class=\"blocks-gallery-grid\"><li class=\"blocks-gallery-item\"><figure><img loading=\"lazy\" width=\"1024\" height=\"576\" src=\"http:\/\/magistradoscorrientes.com\/magistrados\/wp-content\/uploads\/2024\/04\/IMG_7732-1024x576.jpeg\" alt=\"\" data-id=\"10039\" data-full-url=\"http:\/\/magistradoscorrientes.com\/magistrados\/wp-content\/uploads\/2024\/04\/IMG_7732.jpeg\" data-link=\"http:\/\/magistradoscorrientes.com\/magistrados\/?attachment_id=10039\" class=\"wp-image-10039\" srcset=\"https:\/\/magistradoscorrientes.com\/magistrados\/wp-content\/uploads\/2024\/04\/IMG_7732-1024x576.jpeg 1024w, https:\/\/magistradoscorrientes.com\/magistrados\/wp-content\/uploads\/2024\/04\/IMG_7732-300x169.jpeg 300w, https:\/\/magistradoscorrientes.com\/magistrados\/wp-content\/uploads\/2024\/04\/IMG_7732-768x432.jpeg 768w, https:\/\/magistradoscorrientes.com\/magistrados\/wp-content\/uploads\/2024\/04\/IMG_7732-1536x864.jpeg 1536w, https:\/\/magistradoscorrientes.com\/magistrados\/wp-content\/uploads\/2024\/04\/IMG_7732-2048x1152.jpeg 2048w\" sizes=\"(max-width: 1024px) 100vw, 1024px\" \/><\/figure><\/li><li class=\"blocks-gallery-item\"><figure><img loading=\"lazy\" width=\"1024\" height=\"576\" src=\"http:\/\/magistradoscorrientes.com\/magistrados\/wp-content\/uploads\/2024\/04\/IMG_7730-1024x576.jpeg\" alt=\"\" data-id=\"10038\" data-full-url=\"http:\/\/magistradoscorrientes.com\/magistrados\/wp-content\/uploads\/2024\/04\/IMG_7730.jpeg\" data-link=\"http:\/\/magistradoscorrientes.com\/magistrados\/?attachment_id=10038\" class=\"wp-image-10038\" srcset=\"https:\/\/magistradoscorrientes.com\/magistrados\/wp-content\/uploads\/2024\/04\/IMG_7730-1024x576.jpeg 1024w, https:\/\/magistradoscorrientes.com\/magistrados\/wp-content\/uploads\/2024\/04\/IMG_7730-300x169.jpeg 300w, https:\/\/magistradoscorrientes.com\/magistrados\/wp-content\/uploads\/2024\/04\/IMG_7730-768x432.jpeg 768w, https:\/\/magistradoscorrientes.com\/magistrados\/wp-content\/uploads\/2024\/04\/IMG_7730-1536x864.jpeg 1536w, https:\/\/magistradoscorrientes.com\/magistrados\/wp-content\/uploads\/2024\/04\/IMG_7730-2048x1152.jpeg 2048w\" sizes=\"(max-width: 1024px) 100vw, 1024px\" \/><\/figure><\/li><li class=\"blocks-gallery-item\"><figure><img loading=\"lazy\" width=\"1024\" height=\"576\" src=\"http:\/\/magistradoscorrientes.com\/magistrados\/wp-content\/uploads\/2024\/04\/IMG_7722-1024x576.jpeg\" alt=\"\" data-id=\"10035\" data-full-url=\"http:\/\/magistradoscorrientes.com\/magistrados\/wp-content\/uploads\/2024\/04\/IMG_7722.jpeg\" data-link=\"http:\/\/magistradoscorrientes.com\/magistrados\/?attachment_id=10035\" class=\"wp-image-10035\" srcset=\"https:\/\/magistradoscorrientes.com\/magistrados\/wp-content\/uploads\/2024\/04\/IMG_7722-1024x576.jpeg 1024w, https:\/\/magistradoscorrientes.com\/magistrados\/wp-content\/uploads\/2024\/04\/IMG_7722-300x169.jpeg 300w, https:\/\/magistradoscorrientes.com\/magistrados\/wp-content\/uploads\/2024\/04\/IMG_7722-768x432.jpeg 768w, https:\/\/magistradoscorrientes.com\/magistrados\/wp-content\/uploads\/2024\/04\/IMG_7722-1536x864.jpeg 1536w, https:\/\/magistradoscorrientes.com\/magistrados\/wp-content\/uploads\/2024\/04\/IMG_7722-2048x1152.jpeg 2048w\" sizes=\"(max-width: 1024px) 100vw, 1024px\" \/><\/figure><\/li><\/ul><\/figure>\n\n\n\n<p><strong>Algunos de los objetivos son<\/strong>:<\/p>\n\n\n\n<p>a) Realizar actividades de colaboraci\u00f3n rec\u00edproca propiciando la participaci\u00f3n de los asociados en la generaci\u00f3n de proyectos de trabajo de campo, etc. de mutuo inter\u00e9s.<\/p>\n\n\n\n<p>b) Ofrecer en el marco de las actividades de la ASOCIACION un \u00e1mbito de investigaci\u00f3n y aplicaci\u00f3n de conocimientos para realizaci\u00f3n de posgrados, elaboraci\u00f3n de proyectos de tesis, etc.<\/p>\n\n\n\n<p>c) Trabajar conjuntamente en cualquier otro tema que, en el futuro, aparezca vinculado al campo de inter\u00e9s com\u00fan de ambas unidades ejecutoras y respondan a las finalidades del presente convenio, incluyendo actividades sociales de ambas instituciones.<\/p>\n\n\n\n<p>El encuentro fue propicio, adem\u00e1s, para intercambiar ideas, y ahondar en los estados de situaci\u00f3n y realidades distintas de las dependencias judiciales, tanto provinciales como federales, abarcando Juzgados de Primera Instancia, C\u00e1maras, Ministerio P\u00fablico y Defensor\u00edas.<\/p>\n\n\n\n<p>Por otro lado, ante la experiencia en la implementaci\u00f3n del nuevo c\u00f3digo Procesal Penal en la Provincia \u2013 y ante la pronta implementaci\u00f3n a nivel federal de un C\u00f3digo similar &#8211; se puso de manifiesto la importancia de llevar adelante charlas y reuniones entre ambas jurisdicciones para tomar conocimiento de la labor diaria en la implementaci\u00f3n y posibles soluciones ante inconvenientes que se puedan presentar.<\/p>\n\n\n\n<figure class=\"wp-block-gallery columns-2 is-cropped\"><ul class=\"blocks-gallery-grid\"><li class=\"blocks-gallery-item\"><figure><img loading=\"lazy\" width=\"1024\" height=\"576\" src=\"http:\/\/magistradoscorrientes.com\/magistrados\/wp-content\/uploads\/2024\/04\/IMG_7736-1024x576.jpeg\" alt=\"\" data-id=\"10041\" data-full-url=\"http:\/\/magistradoscorrientes.com\/magistrados\/wp-content\/uploads\/2024\/04\/IMG_7736.jpeg\" data-link=\"http:\/\/magistradoscorrientes.com\/magistrados\/?attachment_id=10041\" class=\"wp-image-10041\" srcset=\"https:\/\/magistradoscorrientes.com\/magistrados\/wp-content\/uploads\/2024\/04\/IMG_7736-1024x576.jpeg 1024w, https:\/\/magistradoscorrientes.com\/magistrados\/wp-content\/uploads\/2024\/04\/IMG_7736-300x169.jpeg 300w, https:\/\/magistradoscorrientes.com\/magistrados\/wp-content\/uploads\/2024\/04\/IMG_7736-768x432.jpeg 768w, https:\/\/magistradoscorrientes.com\/magistrados\/wp-content\/uploads\/2024\/04\/IMG_7736-1536x864.jpeg 1536w, https:\/\/magistradoscorrientes.com\/magistrados\/wp-content\/uploads\/2024\/04\/IMG_7736-2048x1152.jpeg 2048w\" sizes=\"(max-width: 1024px) 100vw, 1024px\" \/><\/figure><\/li><li class=\"blocks-gallery-item\"><figure><img loading=\"lazy\" width=\"1024\" height=\"576\" src=\"http:\/\/magistradoscorrientes.com\/magistrados\/wp-content\/uploads\/2024\/04\/IMG_7727-1024x576.jpeg\" alt=\"\" data-id=\"10036\" data-full-url=\"http:\/\/magistradoscorrientes.com\/magistrados\/wp-content\/uploads\/2024\/04\/IMG_7727.jpeg\" data-link=\"http:\/\/magistradoscorrientes.com\/magistrados\/?attachment_id=10036\" class=\"wp-image-10036\" srcset=\"https:\/\/magistradoscorrientes.com\/magistrados\/wp-content\/uploads\/2024\/04\/IMG_7727-1024x576.jpeg 1024w, https:\/\/magistradoscorrientes.com\/magistrados\/wp-content\/uploads\/2024\/04\/IMG_7727-300x169.jpeg 300w, https:\/\/magistradoscorrientes.com\/magistrados\/wp-content\/uploads\/2024\/04\/IMG_7727-768x432.jpeg 768w, https:\/\/magistradoscorrientes.com\/magistrados\/wp-content\/uploads\/2024\/04\/IMG_7727-1536x864.jpeg 1536w, https:\/\/magistradoscorrientes.com\/magistrados\/wp-content\/uploads\/2024\/04\/IMG_7727-2048x1152.jpeg 2048w\" sizes=\"(max-width: 1024px) 100vw, 1024px\" \/><\/figure><\/li><\/ul><\/figure>\n\n\n\n<p>Tambi\u00e9n, se habl\u00f3 sobre la implementaci\u00f3n del expediente electr\u00f3nico en \u00e1mbitos de la Justicia Provincial, el cambio de roles del personal judicial y dem\u00e1s temas que hacen a la gesti\u00f3n de las unidades judiciales.<\/p>\n\n\n\n<p>Por parte de nuestro Colegio, estuvieron presente nuestro Presidente Dr Diego N\u00fa\u00f1ez H\u00fcel, acompa\u00f1ado por las Dras Fanny Romano, Mirtha Ram\u00edrez Barrios, \u201cLilita\u201d Pasetto, Viviana Valle y Dr Alfredo Hanke.<\/p>\n","protected":false},"excerpt":{"rendered":"<p>El jueves por la tarde, en sede de nuestro Colegio, integrantes de la Comisi\u00f3n Directiva recibieron la visita de los representantes Asociaci\u00f3n de Magistrados y Funcionarios de la Justicia Nacional (AMFJN), Seccional Corrientes. \u00a0 Nos visit\u00f3 el Presidente de la Seccional Corrientes, Defensor Oficial ante el Tribunal Oral Federal, Dr Enzo Di Tella junto a la Dra Rosana Marini, el [&hellip;]<\/p>\n","protected":false},"author":2,"featured_media":10032,"comment_status":"closed","ping_status":"open","sticky":false,"template":"","format":"standard","meta":{"ngg_post_thumbnail":0},"categories":[13],"tags":[],"_links":{"self":[{"href":"https:\/\/magistradoscorrientes.com\/magistrados\/wp-json\/wp\/v2\/posts\/10031"}],"collection":[{"href":"https:\/\/magistradoscorrientes.com\/magistrados\/wp-json\/wp\/v2\/posts"}],"about":[{"href":"https:\/\/magistradoscorrientes.com\/magistrados\/wp-json\/wp\/v2\/types\/post"}],"author":[{"embeddable":true,"href":"https:\/\/magistradoscorrientes.com\/magistrados\/wp-json\/wp\/v2\/users\/2"}],"replies":[{"embeddable":true,"href":"https:\/\/magistradoscorrientes.com\/magistrados\/wp-json\/wp\/v2\/comments?post=10031"}],"version-history":[{"count":1,"href":"https:\/\/magistradoscorrientes.com\/magistrados\/wp-json\/wp\/v2\/posts\/10031\/revisions"}],"predecessor-version":[{"id":10043,"href":"https:\/\/magistradoscorrientes.com\/magistrados\/wp-json\/wp\/v2\/posts\/10031\/revisions\/10043"}],"wp:featuredmedia":[{"embeddable":true,"href":"https:\/\/magistradoscorrientes.com\/magistrados\/wp-json\/wp\/v2\/media\/10032"}],"wp:attachment":[{"href":"https:\/\/magistradoscorrientes.com\/magistrados\/wp-json\/wp\/v2\/media?parent=10031"}],"wp:term":[{"taxonomy":"category","embeddable":true,"href":"https:\/\/magistradoscorrientes.com\/magistrados\/wp-json\/wp\/v2\/categories?post=10031"},{"taxonomy":"post_tag","embeddable":true,"href":"https:\/\/magistradoscorrientes.com\/magistrados\/wp-json\/wp\/v2\/tags?post=10031"}],"curies":[{"name":"wp","href":"https:\/\/api.w.org\/{rel}","templated":true}]}}