{"id":10180,"date":"2024-07-03T12:10:52","date_gmt":"2024-07-03T15:10:52","guid":{"rendered":"http:\/\/magistradoscorrientes.com\/magistrados\/?p=10180"},"modified":"2024-07-03T12:10:52","modified_gmt":"2024-07-03T15:10:52","slug":"resumen-de-cd-junio-2024","status":"publish","type":"post","link":"https:\/\/magistradoscorrientes.com\/magistrados\/resumen-de-cd-junio-2024\/","title":{"rendered":"Resumen de CD Junio 2024"},"content":{"rendered":"\n<p>El martes 25 de junio se llev\u00f3 a cabo la reuni\u00f3n de Comisi\u00f3n Directiva del Colegio de Magistrados y Funcionarios del Poder Judicial correspondiente al mes de junio 2024, fue en sede institucional y de modo virtual para una mejor participaci\u00f3n de Asociados del interior.<\/p>\n\n\n\n<p>Dando tratamiento a las <strong>cuestiones del orden del d\u00eda e iniciando el Informe de Presidencia<\/strong>, el Dr Diego N\u00fa\u00f1ez H\u00fcel brind\u00f3 detalles sobre la nota remitida al Dr Luis Eduardo Rey V\u00e1zquez solicitando recomposici\u00f3n salarial para el presente mes.<\/p>\n\n\n\n<figure class=\"wp-block-image size-large\"><img loading=\"lazy\" width=\"1024\" height=\"640\" src=\"http:\/\/magistradoscorrientes.com\/magistrados\/wp-content\/uploads\/2024\/06\/Reunion-de-CD-25062024-2-1024x640.jpeg\" alt=\"\" class=\"wp-image-10182\" srcset=\"https:\/\/magistradoscorrientes.com\/magistrados\/wp-content\/uploads\/2024\/06\/Reunion-de-CD-25062024-2-1024x640.jpeg 1024w, https:\/\/magistradoscorrientes.com\/magistrados\/wp-content\/uploads\/2024\/06\/Reunion-de-CD-25062024-2-300x188.jpeg 300w, https:\/\/magistradoscorrientes.com\/magistrados\/wp-content\/uploads\/2024\/06\/Reunion-de-CD-25062024-2-768x480.jpeg 768w, https:\/\/magistradoscorrientes.com\/magistrados\/wp-content\/uploads\/2024\/06\/Reunion-de-CD-25062024-2-1536x960.jpeg 1536w, https:\/\/magistradoscorrientes.com\/magistrados\/wp-content\/uploads\/2024\/06\/Reunion-de-CD-25062024-2.jpeg 1600w\" sizes=\"(max-width: 1024px) 100vw, 1024px\" \/><\/figure>\n\n\n\n<p>Adem\u00e1s detall\u00f3 las notas recibidas, las resoluciones e invitaciones cursadas al Colegio para diversas actividades.<\/p>\n\n\n\n<p>Referido al punto 2 del orden del d\u00eda, tema de <strong>Asociados del interior<\/strong>, el Presidente inst\u00f3 a los Asociados de las diversas circunscripciones judiciales a organizar encuentros, cursos y actividades de capacitaci\u00f3n destinada a los Asociados.<\/p>\n\n\n\n<p>Por otra parte, la Dra Natalia Rey Moreno \u2013 y en el marco del programa \u201cEl Colegio va a la Escuela\u201d \u2013 brind\u00f3 detalles del acercamiento que hubo por parte de los representantes legales del Instituto Nuestra Se\u00f1ora del Pilar de Curuz\u00fa Cuati\u00e1 para acordar un encuentro.<\/p>\n\n\n\n<p>Cabe destacar que las personas mencionadas se hicieron eco de los encuentros desarrollados el a\u00f1o pasado y se acercaron para conocer mayores detalles del programa y coordinar un encuentro. Instituci\u00f3n privada que alberga ni\u00f1os en edad de prescolar, primaria y secundaria.<\/p>\n\n\n\n<p>El objetivo es concretar un encuentro con personal docente y no docente, abordando las tem\u00e1ticas de violencia familiar, violencia de g\u00e9nero, detecci\u00f3n caso de abuso, menores en situaci\u00f3n de violencia y vulnerabilidad, protocolos y m\u00e1s.<\/p>\n\n\n\n<p>La fecha propuesta podr\u00eda ser entre el 5 y 9 de agosto en sede de la instituci\u00f3n educativa.<\/p>\n\n\n\n<p>En el punto referido a<strong> informes de Comisi\u00f3n<\/strong>, el Dr Jos\u00e9 Ledesma brind\u00f3 detalles de las capacitaciones que se desarrollaron hasta el momento. Referido a la conferencia \u201cCibercrimen\u201d inform\u00f3 que se entregaron los certificados correspondientes a los conferencistas, coordinadores y asistentes.<\/p>\n\n\n\n<p>Con relaci\u00f3n a la \u201cDiplomatura en Violencia de G\u00e9nero y Derechos Humanos\u201d inform\u00f3 que se est\u00e1 confeccionando los certificados correspondientes a los 87 egresados y tambi\u00e9n a los docentes.<\/p>\n\n\n\n<p>Respecto a la charla \u201cReflexiones sobre IA y Derecho\u201d hubo m\u00e1s de 130 inscriptos. Se estar\u00eda pensando en un segundo encuentro con el tema espec\u00edfico \u201cingenier\u00eda del prompts\u201d. La primera capacitaci\u00f3n y esta \u00faltima fueron con certificaci\u00f3n gratuita para los Asociados.<\/p>\n\n\n\n<p>Como propuesta, en el marco del programa \u201cColegio Solidario\u201d, la Dra Luz Masferrer, propuso realizar una jornada de donaci\u00f3n de sangre en el Colegio. La Dra \u201cLilita\u201d Pasetto se comprometi\u00f3 a realizar las averiguaciones y gestiones correspondientes, con el Banco de Sangre de Corrientes, para conocer los requisitos y condiciones de la acci\u00f3n.<\/p>\n\n\n\n<p>Adem\u00e1s, tambi\u00e9n se propuso interesar al STJ a promover el reciclado de residuos en las oficinas judiciales. En consonancia con un proyecto de FAM y de CNS. Es decir, que se proponga separar los residuos y se permita reciclar.<\/p>\n\n\n\n<p>Finalizando el encuentro inform\u00f3 las altas y bajas.<\/p>\n","protected":false},"excerpt":{"rendered":"<p>El martes 25 de junio se llev\u00f3 a cabo la reuni\u00f3n de Comisi\u00f3n Directiva del Colegio de Magistrados y Funcionarios del Poder Judicial correspondiente al mes de junio 2024, fue en sede institucional y de modo virtual para una mejor participaci\u00f3n de Asociados del interior. Dando tratamiento a las cuestiones del orden del d\u00eda e iniciando el Informe de Presidencia, [&hellip;]<\/p>\n","protected":false},"author":2,"featured_media":10181,"comment_status":"closed","ping_status":"open","sticky":false,"template":"","format":"standard","meta":{"ngg_post_thumbnail":0},"categories":[13],"tags":[],"_links":{"self":[{"href":"https:\/\/magistradoscorrientes.com\/magistrados\/wp-json\/wp\/v2\/posts\/10180"}],"collection":[{"href":"https:\/\/magistradoscorrientes.com\/magistrados\/wp-json\/wp\/v2\/posts"}],"about":[{"href":"https:\/\/magistradoscorrientes.com\/magistrados\/wp-json\/wp\/v2\/types\/post"}],"author":[{"embeddable":true,"href":"https:\/\/magistradoscorrientes.com\/magistrados\/wp-json\/wp\/v2\/users\/2"}],"replies":[{"embeddable":true,"href":"https:\/\/magistradoscorrientes.com\/magistrados\/wp-json\/wp\/v2\/comments?post=10180"}],"version-history":[{"count":3,"href":"https:\/\/magistradoscorrientes.com\/magistrados\/wp-json\/wp\/v2\/posts\/10180\/revisions"}],"predecessor-version":[{"id":10188,"href":"https:\/\/magistradoscorrientes.com\/magistrados\/wp-json\/wp\/v2\/posts\/10180\/revisions\/10188"}],"wp:featuredmedia":[{"embeddable":true,"href":"https:\/\/magistradoscorrientes.com\/magistrados\/wp-json\/wp\/v2\/media\/10181"}],"wp:attachment":[{"href":"https:\/\/magistradoscorrientes.com\/magistrados\/wp-json\/wp\/v2\/media?parent=10180"}],"wp:term":[{"taxonomy":"category","embeddable":true,"href":"https:\/\/magistradoscorrientes.com\/magistrados\/wp-json\/wp\/v2\/categories?post=10180"},{"taxonomy":"post_tag","embeddable":true,"href":"https:\/\/magistradoscorrientes.com\/magistrados\/wp-json\/wp\/v2\/tags?post=10180"}],"curies":[{"name":"wp","href":"https:\/\/api.w.org\/{rel}","templated":true}]}}