{"id":12375,"date":"2025-12-22T17:51:50","date_gmt":"2025-12-22T20:51:50","guid":{"rendered":"http:\/\/magistradoscorrientes.com\/magistrados\/?p=12375"},"modified":"2025-12-22T18:15:51","modified_gmt":"2025-12-22T21:15:51","slug":"nuevos-asociados-del-colegio","status":"publish","type":"post","link":"https:\/\/magistradoscorrientes.com\/magistrados\/nuevos-asociados-del-colegio\/","title":{"rendered":"Recibieron su diploma los nuevos Asociados del Colegio"},"content":{"rendered":"\n<p>El Colegio expresa su m\u00e1s cordial felicitaci\u00f3n a quienes se incorporan como nuevos Asociados, habiendo recibido su diploma en el marco de la Asamblea General Ordinaria. <\/p>\n\n\n\n<p>Dicha incorporaci\u00f3n constituye un significativo paso de compromiso institucional y de adhesi\u00f3n a los principios que orientan la labor del Colegio.<\/p>\n\n\n\n<p>El asociacionismo representa un pilar fundamental para el fortalecimiento de la vida institucional, la participaci\u00f3n democr\u00e1tica y la construcci\u00f3n colectiva de un servicio de justicia cada vez m\u00e1s eficiente, transparente y comprometido con la comunidad. La participaci\u00f3n activa de las y los Asociados resulta indispensable para consolidar una representaci\u00f3n s\u00f3lida y promover iniciativas que contribuyan al mejoramiento continuo del sistema de justicia.<\/p>\n\n\n\n<figure class=\"wp-block-image size-large\"><img loading=\"lazy\" width=\"1024\" height=\"728\" src=\"http:\/\/magistradoscorrientes.com\/magistrados\/wp-content\/uploads\/2025\/12\/WhatsApp-Image-2025-12-20-at-18.20.35-1024x728.jpeg\" alt=\"\" class=\"wp-image-12376\" srcset=\"https:\/\/magistradoscorrientes.com\/magistrados\/wp-content\/uploads\/2025\/12\/WhatsApp-Image-2025-12-20-at-18.20.35-1024x728.jpeg 1024w, https:\/\/magistradoscorrientes.com\/magistrados\/wp-content\/uploads\/2025\/12\/WhatsApp-Image-2025-12-20-at-18.20.35-300x213.jpeg 300w, https:\/\/magistradoscorrientes.com\/magistrados\/wp-content\/uploads\/2025\/12\/WhatsApp-Image-2025-12-20-at-18.20.35-768x546.jpeg 768w, https:\/\/magistradoscorrientes.com\/magistrados\/wp-content\/uploads\/2025\/12\/WhatsApp-Image-2025-12-20-at-18.20.35.jpeg 1300w\" sizes=\"(max-width: 1024px) 100vw, 1024px\" \/><\/figure>\n\n\n\n<p>En este sentido, se invita a quienes a\u00fan no forman parte del Colegio a sumarse a la instituci\u00f3n y a participar activamente de sus espacios de trabajo, con la convicci\u00f3n de que el compromiso colectivo es esencial para el fortalecimiento institucional y el adecuado servicio de justicia.<\/p>\n\n\n\n<p>En esta oportunidad, se saluda especialmente a los Dres y Dras:<br>Rub\u00e9n Luis Acosta; Romina Noelia Acu\u00f1a; Rosa Elizabeth Ascona; Lisandro Claudelino Barros Marasco; Mar\u00eda Carla Bechini; Vicente Humberto Brites; Mar\u00eda Ximena Cano; Mar\u00eda Fiorella Cusinato; An\u00edbal Rolando De Bortoli; Maximiliano Delgado Branchi; Carolina Noha Dur\u00e1n; Ileana Eugenia Garc\u00eda; Gonzalo Manuel Gimenez; Vanesa Antonia Gonz\u00e1lez; Federico Emmanuel Llamas Mart\u00ednez; Teresita Mancedo; Cecilia Mart\u00ednez; Mar\u00eda Luj\u00e1n Morilla; \u00c1ngeles Mothe; V\u00edctor Ojeda; Jesica Gabriela Paz; Carlos Mart\u00edn Podest\u00e1 N\u00fa\u00f1ez; Mar\u00eda Gabriela Richini Bueri; Jorge Gast\u00f3n Rojas Rodr\u00edguez; Mariana Romero; Pedro Alejandro Sotelo Ben\u00edtez; Cynthia Taddey Silva; Fernanda Ayel\u00e9n Villanueva y Silvia Rossana Yakowczuk.<\/p>\n","protected":false},"excerpt":{"rendered":"<p>El Colegio expresa su m\u00e1s cordial felicitaci\u00f3n a quienes se incorporan como nuevos Asociados, habiendo recibido su diploma en el marco de la Asamblea General Ordinaria. Dicha incorporaci\u00f3n constituye un significativo paso de compromiso institucional y de adhesi\u00f3n a los principios que orientan la labor del Colegio. El asociacionismo representa un pilar fundamental para el fortalecimiento de la vida institucional, [&hellip;]<\/p>\n","protected":false},"author":2,"featured_media":12376,"comment_status":"closed","ping_status":"open","sticky":false,"template":"","format":"standard","meta":{"ngg_post_thumbnail":0},"categories":[13],"tags":[],"_links":{"self":[{"href":"https:\/\/magistradoscorrientes.com\/magistrados\/wp-json\/wp\/v2\/posts\/12375"}],"collection":[{"href":"https:\/\/magistradoscorrientes.com\/magistrados\/wp-json\/wp\/v2\/posts"}],"about":[{"href":"https:\/\/magistradoscorrientes.com\/magistrados\/wp-json\/wp\/v2\/types\/post"}],"author":[{"embeddable":true,"href":"https:\/\/magistradoscorrientes.com\/magistrados\/wp-json\/wp\/v2\/users\/2"}],"replies":[{"embeddable":true,"href":"https:\/\/magistradoscorrientes.com\/magistrados\/wp-json\/wp\/v2\/comments?post=12375"}],"version-history":[{"count":4,"href":"https:\/\/magistradoscorrientes.com\/magistrados\/wp-json\/wp\/v2\/posts\/12375\/revisions"}],"predecessor-version":[{"id":12380,"href":"https:\/\/magistradoscorrientes.com\/magistrados\/wp-json\/wp\/v2\/posts\/12375\/revisions\/12380"}],"wp:featuredmedia":[{"embeddable":true,"href":"https:\/\/magistradoscorrientes.com\/magistrados\/wp-json\/wp\/v2\/media\/12376"}],"wp:attachment":[{"href":"https:\/\/magistradoscorrientes.com\/magistrados\/wp-json\/wp\/v2\/media?parent=12375"}],"wp:term":[{"taxonomy":"category","embeddable":true,"href":"https:\/\/magistradoscorrientes.com\/magistrados\/wp-json\/wp\/v2\/categories?post=12375"},{"taxonomy":"post_tag","embeddable":true,"href":"https:\/\/magistradoscorrientes.com\/magistrados\/wp-json\/wp\/v2\/tags?post=12375"}],"curies":[{"name":"wp","href":"https:\/\/api.w.org\/{rel}","templated":true}]}}