{"id":12392,"date":"2025-12-26T09:16:42","date_gmt":"2025-12-26T12:16:42","guid":{"rendered":"http:\/\/magistradoscorrientes.com\/magistrados\/?p=12392"},"modified":"2025-12-26T09:17:48","modified_gmt":"2025-12-26T12:17:48","slug":"12392-2","status":"publish","type":"post","link":"https:\/\/magistradoscorrientes.com\/magistrados\/12392-2\/","title":{"rendered":"La Dra Luz Masferrer habl\u00f3 sobre la modernizaci\u00f3n de la funci\u00f3n judicial en un stream"},"content":{"rendered":"\n<p>El Colegio de Magistrados y Funcionarios del Poder Judicial de Corrientes comparte la participaci\u00f3n de la Dra. Luz Masferrer en el programa de \u201cChe Corrientes! NEW NEA!\u201d, con la conducci\u00f3n Rita Guer\u00edn, Lorena Casco y Carlos Maso.<\/p>\n\n\n\n<p>Durante el encuentro, la Dra. Masferrer subray\u00f3 el rol de la Federaci\u00f3n Argentina de la Magistratura \u2014entidad que nuclea a los Colegios y Asociaciones de Magistrados y Funcionarios Judiciales provinciales\u2014 en la defensa de la independencia judicial y en el acompa\u00f1amiento de los procesos de reforma y modernizaci\u00f3n del servicio de justicia. En ese marco, record\u00f3 que la FAM celebrar\u00e1 en 2026 su 60\u00b0 aniversario, fecha que coincide con el D\u00eda del Magistrado y la Funci\u00f3n Judicial.<\/p>\n\n\n\n<p>Asimismo, puso en valor el trabajo institucional del Colegio de Magistrados y Funcionarios de Corrientes, al que presidi\u00f3 entre 2014 y 2023, resaltando la importancia del asociacionismo y de una visi\u00f3n integral de la funci\u00f3n judicial, que incluye a magistrados, integrantes del Ministerio P\u00fablico y secretarios judiciales, con el objetivo de mejorar de manera continua el servicio de justicia.<\/p>\n\n\n\n<figure class=\"wp-block-gallery columns-3 is-cropped\"><ul class=\"blocks-gallery-grid\"><li class=\"blocks-gallery-item\"><figure><img loading=\"lazy\" width=\"935\" height=\"1024\" src=\"http:\/\/magistradoscorrientes.com\/magistrados\/wp-content\/uploads\/2025\/12\/WhatsApp-Image-2025-12-26-at-09.13.37-935x1024.jpeg\" alt=\"\" data-id=\"12395\" data-full-url=\"http:\/\/magistradoscorrientes.com\/magistrados\/wp-content\/uploads\/2025\/12\/WhatsApp-Image-2025-12-26-at-09.13.37.jpeg\" data-link=\"http:\/\/magistradoscorrientes.com\/magistrados\/?attachment_id=12395\" class=\"wp-image-12395\" srcset=\"https:\/\/magistradoscorrientes.com\/magistrados\/wp-content\/uploads\/2025\/12\/WhatsApp-Image-2025-12-26-at-09.13.37-935x1024.jpeg 935w, https:\/\/magistradoscorrientes.com\/magistrados\/wp-content\/uploads\/2025\/12\/WhatsApp-Image-2025-12-26-at-09.13.37-274x300.jpeg 274w, https:\/\/magistradoscorrientes.com\/magistrados\/wp-content\/uploads\/2025\/12\/WhatsApp-Image-2025-12-26-at-09.13.37-768x841.jpeg 768w, https:\/\/magistradoscorrientes.com\/magistrados\/wp-content\/uploads\/2025\/12\/WhatsApp-Image-2025-12-26-at-09.13.37.jpeg 1169w\" sizes=\"(max-width: 935px) 100vw, 935px\" \/><\/figure><\/li><li class=\"blocks-gallery-item\"><figure><img loading=\"lazy\" width=\"1024\" height=\"729\" src=\"http:\/\/magistradoscorrientes.com\/magistrados\/wp-content\/uploads\/2025\/12\/WhatsApp-Image-2025-12-26-at-09.13.41-1024x729.jpeg\" alt=\"\" data-id=\"12396\" data-full-url=\"http:\/\/magistradoscorrientes.com\/magistrados\/wp-content\/uploads\/2025\/12\/WhatsApp-Image-2025-12-26-at-09.13.41.jpeg\" data-link=\"http:\/\/magistradoscorrientes.com\/magistrados\/?attachment_id=12396\" class=\"wp-image-12396\" srcset=\"https:\/\/magistradoscorrientes.com\/magistrados\/wp-content\/uploads\/2025\/12\/WhatsApp-Image-2025-12-26-at-09.13.41-1024x729.jpeg 1024w, https:\/\/magistradoscorrientes.com\/magistrados\/wp-content\/uploads\/2025\/12\/WhatsApp-Image-2025-12-26-at-09.13.41-300x214.jpeg 300w, https:\/\/magistradoscorrientes.com\/magistrados\/wp-content\/uploads\/2025\/12\/WhatsApp-Image-2025-12-26-at-09.13.41-768x547.jpeg 768w, https:\/\/magistradoscorrientes.com\/magistrados\/wp-content\/uploads\/2025\/12\/WhatsApp-Image-2025-12-26-at-09.13.41.jpeg 1170w\" sizes=\"(max-width: 1024px) 100vw, 1024px\" \/><\/figure><\/li><li class=\"blocks-gallery-item\"><figure><img loading=\"lazy\" width=\"780\" height=\"429\" src=\"http:\/\/magistradoscorrientes.com\/magistrados\/wp-content\/uploads\/2025\/12\/Captura-de-pantalla-2025-12-26-090659.png\" alt=\"\" data-id=\"12393\" data-full-url=\"http:\/\/magistradoscorrientes.com\/magistrados\/wp-content\/uploads\/2025\/12\/Captura-de-pantalla-2025-12-26-090659.png\" data-link=\"http:\/\/magistradoscorrientes.com\/magistrados\/?attachment_id=12393\" class=\"wp-image-12393\" srcset=\"https:\/\/magistradoscorrientes.com\/magistrados\/wp-content\/uploads\/2025\/12\/Captura-de-pantalla-2025-12-26-090659.png 780w, https:\/\/magistradoscorrientes.com\/magistrados\/wp-content\/uploads\/2025\/12\/Captura-de-pantalla-2025-12-26-090659-300x165.png 300w, https:\/\/magistradoscorrientes.com\/magistrados\/wp-content\/uploads\/2025\/12\/Captura-de-pantalla-2025-12-26-090659-768x422.png 768w\" sizes=\"(max-width: 780px) 100vw, 780px\" \/><\/figure><\/li><\/ul><\/figure>\n\n\n\n<p>En relaci\u00f3n con los diez a\u00f1os de vigencia del C\u00f3digo Civil y Comercial de la Naci\u00f3n, explic\u00f3 el proyecto impulsado desde el Instituto de Investigaciones Judiciales de la FAM, que recopil\u00f3 una mirada federal sobre el impacto del C\u00f3digo en la pr\u00e1ctica judicial de todas las provincias. El trabajo, publicado en un suplemento especial de la revista <em>La Ley<\/em>, evidenci\u00f3 avances en oralidad, lenguaje claro, perspectiva de vulnerabilidad, incorporaci\u00f3n de principios constitucionales y convencionales, y modernizaci\u00f3n procesal, destacando tambi\u00e9n el rol de la tecnolog\u00eda y la virtualidad.<\/p>\n\n\n\n<p>Finalmente, la Dra. Masferrer se refiri\u00f3 a la Maestr\u00eda en Magistratura y Funci\u00f3n Judicial de la UNNE, una propuesta acad\u00e9mica de excelencia \u2014acreditada por CONEAU con categor\u00eda A\u2014 orientada a la capacitaci\u00f3n permanente y profesionalizante de operadores judiciales del NEA, con una fuerte impronta pr\u00e1ctica y de actualizaci\u00f3n en temas como gesti\u00f3n judicial, justicia restaurativa e innovaci\u00f3n tecnol\u00f3gica. <\/p>\n\n\n\n<figure class=\"wp-block-embed-youtube wp-block-embed is-type-video is-provider-youtube wp-embed-aspect-16-9 wp-has-aspect-ratio\"><div class=\"wp-block-embed__wrapper\">\n<iframe title=\"Entrevista al Dra Luz Masferrer\" width=\"640\" height=\"360\" src=\"https:\/\/www.youtube.com\/embed\/Ni9MzbmFtks?feature=oembed\" frameborder=\"0\" allow=\"accelerometer; autoplay; clipboard-write; encrypted-media; gyroscope; picture-in-picture; web-share\" referrerpolicy=\"strict-origin-when-cross-origin\" allowfullscreen><\/iframe>\n<\/div><\/figure>\n\n\n\n<p>La Dr Luz Masferrer es Jueza de C\u00e1mara de la C\u00e1mara Civil y Comercial de Corrientes (Sala II), Directora del Instituto de Investigaciones Judiciales de la Federaci\u00f3n Argentina de la Magistratura, directora de la Maestr\u00eda en Magistratura y Funci\u00f3n Judicial de la Universidad Nacional del Nordeste y profesora de Derecho Comercial y Societario con m\u00e1s de 30 a\u00f1os de trayectoria.<\/p>\n\n\n\n<p>Desde el Colegio de Magistrados y Funcionarios del Poder Judicial de Corrientes se valora especialmente el aporte acad\u00e9mico e institucional realizada por la Dra Masferrer, reafirmando el compromiso con la capacitaci\u00f3n, la modernizaci\u00f3n y la mejora continua del servicio de justicia.<\/p>\n","protected":false},"excerpt":{"rendered":"<p>El Colegio de Magistrados y Funcionarios del Poder Judicial de Corrientes comparte la participaci\u00f3n de la Dra. Luz Masferrer en el programa de \u201cChe Corrientes! NEW NEA!\u201d, con la conducci\u00f3n Rita Guer\u00edn, Lorena Casco y Carlos Maso. Durante el encuentro, la Dra. Masferrer subray\u00f3 el rol de la Federaci\u00f3n Argentina de la Magistratura \u2014entidad que nuclea a los Colegios y [&hellip;]<\/p>\n","protected":false},"author":2,"featured_media":12396,"comment_status":"closed","ping_status":"open","sticky":false,"template":"","format":"standard","meta":{"ngg_post_thumbnail":0},"categories":[13],"tags":[],"_links":{"self":[{"href":"https:\/\/magistradoscorrientes.com\/magistrados\/wp-json\/wp\/v2\/posts\/12392"}],"collection":[{"href":"https:\/\/magistradoscorrientes.com\/magistrados\/wp-json\/wp\/v2\/posts"}],"about":[{"href":"https:\/\/magistradoscorrientes.com\/magistrados\/wp-json\/wp\/v2\/types\/post"}],"author":[{"embeddable":true,"href":"https:\/\/magistradoscorrientes.com\/magistrados\/wp-json\/wp\/v2\/users\/2"}],"replies":[{"embeddable":true,"href":"https:\/\/magistradoscorrientes.com\/magistrados\/wp-json\/wp\/v2\/comments?post=12392"}],"version-history":[{"count":2,"href":"https:\/\/magistradoscorrientes.com\/magistrados\/wp-json\/wp\/v2\/posts\/12392\/revisions"}],"predecessor-version":[{"id":12398,"href":"https:\/\/magistradoscorrientes.com\/magistrados\/wp-json\/wp\/v2\/posts\/12392\/revisions\/12398"}],"wp:featuredmedia":[{"embeddable":true,"href":"https:\/\/magistradoscorrientes.com\/magistrados\/wp-json\/wp\/v2\/media\/12396"}],"wp:attachment":[{"href":"https:\/\/magistradoscorrientes.com\/magistrados\/wp-json\/wp\/v2\/media?parent=12392"}],"wp:term":[{"taxonomy":"category","embeddable":true,"href":"https:\/\/magistradoscorrientes.com\/magistrados\/wp-json\/wp\/v2\/categories?post=12392"},{"taxonomy":"post_tag","embeddable":true,"href":"https:\/\/magistradoscorrientes.com\/magistrados\/wp-json\/wp\/v2\/tags?post=12392"}],"curies":[{"name":"wp","href":"https:\/\/api.w.org\/{rel}","templated":true}]}}