{"id":12409,"date":"2026-02-26T17:52:41","date_gmt":"2026-02-26T20:52:41","guid":{"rendered":"http:\/\/magistradoscorrientes.com\/magistrados\/?p=12409"},"modified":"2026-03-06T10:14:36","modified_gmt":"2026-03-06T13:14:36","slug":"llamado-a-elecciones-de-representantes-para-el-consejo-de-la-magistratura-y-jurado-de-enjuiciamiento-acta-n-1","status":"publish","type":"post","link":"https:\/\/magistradoscorrientes.com\/magistrados\/llamado-a-elecciones-de-representantes-para-el-consejo-de-la-magistratura-y-jurado-de-enjuiciamiento-acta-n-1\/","title":{"rendered":"Llamado a elecciones de representantes para el Consejo de la Magistratura y Jurado de Enjuiciamiento. Acta N\u00b0 1"},"content":{"rendered":"\n<p><strong>Acta N\u00b0 1 del Tribunal Electoral del Colegio de Magistrados y Funcionarios de la Provincia de Corrientes,<\/strong>&nbsp;para proceder a la organizaci\u00f3n de las elecciones de representantes \u2013 titulares y suplentes \u2013 entre los Magistrados e integrantes del Ministerio P\u00fablico que pasar\u00e1n a formar parte del Consejo de la Magistratura y el Jurado de Enjuiciamiento de acuerdo a la delegaci\u00f3n efectuada por el Excmo Superior Tribunal de Justicia por Acuerdo N 19\/14 punto 16 y las comunicaciones efectuadas por el Presidente del Colegio de Magistrados y Funcionarios del Poder Judicial de Corrientes, de acuerdo a la nota recibida de fecha del 11 de febrero del 2026.<\/p>\n\n\n\n<figure class=\"wp-block-gallery columns-2 is-cropped\"><ul class=\"blocks-gallery-grid\"><li class=\"blocks-gallery-item\"><figure><img loading=\"lazy\" width=\"704\" height=\"1024\" src=\"https:\/\/magistradoscorrientes.com\/magistrados\/wp-content\/uploads\/2026\/02\/WhatsApp-Image-2026-02-26-at-12.21.52-704x1024.jpeg\" alt=\"\" data-id=\"12410\" data-full-url=\"https:\/\/magistradoscorrientes.com\/magistrados\/wp-content\/uploads\/2026\/02\/WhatsApp-Image-2026-02-26-at-12.21.52.jpeg\" data-link=\"https:\/\/magistradoscorrientes.com\/magistrados\/?attachment_id=12410\" class=\"wp-image-12410\" srcset=\"https:\/\/magistradoscorrientes.com\/magistrados\/wp-content\/uploads\/2026\/02\/WhatsApp-Image-2026-02-26-at-12.21.52-704x1024.jpeg 704w, https:\/\/magistradoscorrientes.com\/magistrados\/wp-content\/uploads\/2026\/02\/WhatsApp-Image-2026-02-26-at-12.21.52-206x300.jpeg 206w, https:\/\/magistradoscorrientes.com\/magistrados\/wp-content\/uploads\/2026\/02\/WhatsApp-Image-2026-02-26-at-12.21.52-768x1117.jpeg 768w, https:\/\/magistradoscorrientes.com\/magistrados\/wp-content\/uploads\/2026\/02\/WhatsApp-Image-2026-02-26-at-12.21.52-1056x1536.jpeg 1056w, https:\/\/magistradoscorrientes.com\/magistrados\/wp-content\/uploads\/2026\/02\/WhatsApp-Image-2026-02-26-at-12.21.52.jpeg 1094w\" sizes=\"(max-width: 704px) 100vw, 704px\" \/><\/figure><\/li><li class=\"blocks-gallery-item\"><figure><img loading=\"lazy\" width=\"674\" height=\"1024\" src=\"https:\/\/magistradoscorrientes.com\/magistrados\/wp-content\/uploads\/2026\/02\/WhatsApp-Image-2026-02-26-at-12.22.15-674x1024.jpeg\" alt=\"\" data-id=\"12411\" data-full-url=\"https:\/\/magistradoscorrientes.com\/magistrados\/wp-content\/uploads\/2026\/02\/WhatsApp-Image-2026-02-26-at-12.22.15.jpeg\" data-link=\"https:\/\/magistradoscorrientes.com\/magistrados\/?attachment_id=12411\" class=\"wp-image-12411\" srcset=\"https:\/\/magistradoscorrientes.com\/magistrados\/wp-content\/uploads\/2026\/02\/WhatsApp-Image-2026-02-26-at-12.22.15-674x1024.jpeg 674w, https:\/\/magistradoscorrientes.com\/magistrados\/wp-content\/uploads\/2026\/02\/WhatsApp-Image-2026-02-26-at-12.22.15-197x300.jpeg 197w, https:\/\/magistradoscorrientes.com\/magistrados\/wp-content\/uploads\/2026\/02\/WhatsApp-Image-2026-02-26-at-12.22.15-768x1167.jpeg 768w, https:\/\/magistradoscorrientes.com\/magistrados\/wp-content\/uploads\/2026\/02\/WhatsApp-Image-2026-02-26-at-12.22.15-1011x1536.jpeg 1011w, https:\/\/magistradoscorrientes.com\/magistrados\/wp-content\/uploads\/2026\/02\/WhatsApp-Image-2026-02-26-at-12.22.15.jpeg 1053w\" sizes=\"(max-width: 674px) 100vw, 674px\" \/><\/figure><\/li><\/ul><\/figure>\n\n\n\n<p>Fecha de las elecciones: 17 de abril del 2026 a partir de las 12hs <\/p>\n\n\n\n<p><strong>El cronograma electoral es el siguiente:<\/strong><\/p>\n\n\n\n<ul><li>Publicaci\u00f3n de listas provisionales por el t\u00e9rmino de cinco (5) d\u00edas (art. 5).<\/li><li>Postulaci\u00f3n. Presentaci\u00f3n de listas (art. 9) 13\/03\/2026.<\/li><li>Publicaci\u00f3n (art. 9) a partir del 20\/04\/2024 por el t\u00e9rmino de cinco (5) d\u00edas.<\/li><li>Impresi\u00f3n del Padr\u00f3n Definitivo (art. 6) 20\/03\/2026.<\/li><li>Designaci\u00f3n de lugares de votaci\u00f3n y autoridades de mesa: 27\/03\/2026<\/li><li>Presentaci\u00f3n de modelos de boletas 30\/03\/2026 (Art. 13).<\/li><li>Oficializaci\u00f3n de boletas: 31\/03\/2026.<\/li><\/ul>\n\n\n\n<p>Acta N\u00b0 2: Rectificaci\u00f3n de la fecha de votaci\u00f3n. V\u00e1lido es 17 de abril del 2026<\/p>\n\n\n\n<figure class=\"wp-block-image size-large\"><img loading=\"lazy\" width=\"576\" height=\"1024\" src=\"https:\/\/magistradoscorrientes.com\/magistrados\/wp-content\/uploads\/2026\/03\/WhatsApp-Image-2026-03-03-at-10.23.51-576x1024.jpeg\" alt=\"\" class=\"wp-image-12436\" srcset=\"https:\/\/magistradoscorrientes.com\/magistrados\/wp-content\/uploads\/2026\/03\/WhatsApp-Image-2026-03-03-at-10.23.51-576x1024.jpeg 576w, https:\/\/magistradoscorrientes.com\/magistrados\/wp-content\/uploads\/2026\/03\/WhatsApp-Image-2026-03-03-at-10.23.51-169x300.jpeg 169w, https:\/\/magistradoscorrientes.com\/magistrados\/wp-content\/uploads\/2026\/03\/WhatsApp-Image-2026-03-03-at-10.23.51-768x1366.jpeg 768w, https:\/\/magistradoscorrientes.com\/magistrados\/wp-content\/uploads\/2026\/03\/WhatsApp-Image-2026-03-03-at-10.23.51-864x1536.jpeg 864w, https:\/\/magistradoscorrientes.com\/magistrados\/wp-content\/uploads\/2026\/03\/WhatsApp-Image-2026-03-03-at-10.23.51.jpeg 899w\" sizes=\"(max-width: 576px) 100vw, 576px\" \/><\/figure>\n","protected":false},"excerpt":{"rendered":"<p>Acta N\u00b0 1 del Tribunal Electoral del Colegio de Magistrados y Funcionarios de la Provincia de Corrientes,&nbsp;para proceder a la organizaci\u00f3n de las elecciones de representantes \u2013 titulares y suplentes \u2013 entre los Magistrados e integrantes del Ministerio P\u00fablico que pasar\u00e1n a formar parte del Consejo de la Magistratura y el Jurado de Enjuiciamiento de acuerdo a la delegaci\u00f3n efectuada [&hellip;]<\/p>\n","protected":false},"author":2,"featured_media":12414,"comment_status":"closed","ping_status":"open","sticky":false,"template":"","format":"standard","meta":{"ngg_post_thumbnail":0},"categories":[13],"tags":[],"_links":{"self":[{"href":"https:\/\/magistradoscorrientes.com\/magistrados\/wp-json\/wp\/v2\/posts\/12409"}],"collection":[{"href":"https:\/\/magistradoscorrientes.com\/magistrados\/wp-json\/wp\/v2\/posts"}],"about":[{"href":"https:\/\/magistradoscorrientes.com\/magistrados\/wp-json\/wp\/v2\/types\/post"}],"author":[{"embeddable":true,"href":"https:\/\/magistradoscorrientes.com\/magistrados\/wp-json\/wp\/v2\/users\/2"}],"replies":[{"embeddable":true,"href":"https:\/\/magistradoscorrientes.com\/magistrados\/wp-json\/wp\/v2\/comments?post=12409"}],"version-history":[{"count":2,"href":"https:\/\/magistradoscorrientes.com\/magistrados\/wp-json\/wp\/v2\/posts\/12409\/revisions"}],"predecessor-version":[{"id":12437,"href":"https:\/\/magistradoscorrientes.com\/magistrados\/wp-json\/wp\/v2\/posts\/12409\/revisions\/12437"}],"wp:featuredmedia":[{"embeddable":true,"href":"https:\/\/magistradoscorrientes.com\/magistrados\/wp-json\/wp\/v2\/media\/12414"}],"wp:attachment":[{"href":"https:\/\/magistradoscorrientes.com\/magistrados\/wp-json\/wp\/v2\/media?parent=12409"}],"wp:term":[{"taxonomy":"category","embeddable":true,"href":"https:\/\/magistradoscorrientes.com\/magistrados\/wp-json\/wp\/v2\/categories?post=12409"},{"taxonomy":"post_tag","embeddable":true,"href":"https:\/\/magistradoscorrientes.com\/magistrados\/wp-json\/wp\/v2\/tags?post=12409"}],"curies":[{"name":"wp","href":"https:\/\/api.w.org\/{rel}","templated":true}]}}