{"id":12415,"date":"2026-02-26T17:57:25","date_gmt":"2026-02-26T20:57:25","guid":{"rendered":"http:\/\/magistradoscorrientes.com\/magistrados\/?p=12415"},"modified":"2026-02-26T17:57:25","modified_gmt":"2026-02-26T20:57:25","slug":"autoridades-de-nuestro-colegio-fueron-recibidos-por-el-sr-fiscal-gral-de-la-provincia","status":"publish","type":"post","link":"https:\/\/magistradoscorrientes.com\/magistrados\/autoridades-de-nuestro-colegio-fueron-recibidos-por-el-sr-fiscal-gral-de-la-provincia\/","title":{"rendered":"Autoridades de nuestro Colegio fueron recibidos por el Sr Fiscal Gral de la Provincia"},"content":{"rendered":"\n<p>El 23 de febrero, integrantes de la Comisi\u00f3n Directiva de nuestro Colegio, encabezados por el Presidente Dr Diego N\u00fa\u00f1ez H\u00fcel, fueron recibidos por el Sr. Fiscal General de la Provincia, Dr. C\u00e9sar Sotelo.<\/p>\n\n\n\n<p>Durante el encuentro se mantuvo un di\u00e1logo directo, franco y constructivo, en el que se abordaron diversas inquietudes institucionales planteadas por este Colegio, vinculadas al presupuesto del Poder Judicial, la problem\u00e1tica del narcomenudeo, la interacci\u00f3n con el STJ y la expansi\u00f3n org\u00e1nica y funcional del Ministerio P\u00fablico.<\/p>\n\n\n\n<p>Asimismo, se acord\u00f3 promover de manera conjunta actividades de capacitaci\u00f3n y talleres, especialmente en materia de narcomenudeo, con el objetivo de fortalecer la formaci\u00f3n y el abordaje integral de esta problem\u00e1tica.<\/p>\n\n\n\n<figure class=\"wp-block-gallery columns-2 is-cropped\"><ul class=\"blocks-gallery-grid\"><li class=\"blocks-gallery-item\"><figure><img loading=\"lazy\" width=\"1024\" height=\"576\" src=\"http:\/\/magistradoscorrientes.com\/magistrados\/wp-content\/uploads\/2026\/02\/WhatsApp-Image-2026-02-23-at-19.09.15-1024x576.jpeg\" alt=\"\" data-id=\"12417\" data-full-url=\"http:\/\/magistradoscorrientes.com\/magistrados\/wp-content\/uploads\/2026\/02\/WhatsApp-Image-2026-02-23-at-19.09.15.jpeg\" data-link=\"http:\/\/magistradoscorrientes.com\/magistrados\/?attachment_id=12417\" class=\"wp-image-12417\" srcset=\"https:\/\/magistradoscorrientes.com\/magistrados\/wp-content\/uploads\/2026\/02\/WhatsApp-Image-2026-02-23-at-19.09.15-1024x576.jpeg 1024w, https:\/\/magistradoscorrientes.com\/magistrados\/wp-content\/uploads\/2026\/02\/WhatsApp-Image-2026-02-23-at-19.09.15-300x169.jpeg 300w, https:\/\/magistradoscorrientes.com\/magistrados\/wp-content\/uploads\/2026\/02\/WhatsApp-Image-2026-02-23-at-19.09.15-768x432.jpeg 768w, https:\/\/magistradoscorrientes.com\/magistrados\/wp-content\/uploads\/2026\/02\/WhatsApp-Image-2026-02-23-at-19.09.15.jpeg 1280w\" sizes=\"(max-width: 1024px) 100vw, 1024px\" \/><\/figure><\/li><li class=\"blocks-gallery-item\"><figure><img loading=\"lazy\" width=\"1024\" height=\"682\" src=\"http:\/\/magistradoscorrientes.com\/magistrados\/wp-content\/uploads\/2026\/02\/WhatsApp-Image-2026-02-23-at-19.02.31-1024x682.jpeg\" alt=\"\" data-id=\"12416\" data-full-url=\"http:\/\/magistradoscorrientes.com\/magistrados\/wp-content\/uploads\/2026\/02\/WhatsApp-Image-2026-02-23-at-19.02.31.jpeg\" data-link=\"http:\/\/magistradoscorrientes.com\/magistrados\/?attachment_id=12416\" class=\"wp-image-12416\" srcset=\"https:\/\/magistradoscorrientes.com\/magistrados\/wp-content\/uploads\/2026\/02\/WhatsApp-Image-2026-02-23-at-19.02.31-1024x682.jpeg 1024w, https:\/\/magistradoscorrientes.com\/magistrados\/wp-content\/uploads\/2026\/02\/WhatsApp-Image-2026-02-23-at-19.02.31-300x200.jpeg 300w, https:\/\/magistradoscorrientes.com\/magistrados\/wp-content\/uploads\/2026\/02\/WhatsApp-Image-2026-02-23-at-19.02.31-768x512.jpeg 768w, https:\/\/magistradoscorrientes.com\/magistrados\/wp-content\/uploads\/2026\/02\/WhatsApp-Image-2026-02-23-at-19.02.31-391x260.jpeg 391w, https:\/\/magistradoscorrientes.com\/magistrados\/wp-content\/uploads\/2026\/02\/WhatsApp-Image-2026-02-23-at-19.02.31-1536x1023.jpeg 1536w, https:\/\/magistradoscorrientes.com\/magistrados\/wp-content\/uploads\/2026\/02\/WhatsApp-Image-2026-02-23-at-19.02.31-600x400.jpeg 600w, https:\/\/magistradoscorrientes.com\/magistrados\/wp-content\/uploads\/2026\/02\/WhatsApp-Image-2026-02-23-at-19.02.31.jpeg 1600w\" sizes=\"(max-width: 1024px) 100vw, 1024px\" \/><\/figure><\/li><\/ul><\/figure>\n","protected":false},"excerpt":{"rendered":"<p>El 23 de febrero, integrantes de la Comisi\u00f3n Directiva de nuestro Colegio, encabezados por el Presidente Dr Diego N\u00fa\u00f1ez H\u00fcel, fueron recibidos por el Sr. Fiscal General de la Provincia, Dr. C\u00e9sar Sotelo. Durante el encuentro se mantuvo un di\u00e1logo directo, franco y constructivo, en el que se abordaron diversas inquietudes institucionales planteadas por este Colegio, vinculadas al presupuesto del [&hellip;]<\/p>\n","protected":false},"author":2,"featured_media":12416,"comment_status":"closed","ping_status":"open","sticky":false,"template":"","format":"standard","meta":{"ngg_post_thumbnail":0},"categories":[13],"tags":[],"_links":{"self":[{"href":"https:\/\/magistradoscorrientes.com\/magistrados\/wp-json\/wp\/v2\/posts\/12415"}],"collection":[{"href":"https:\/\/magistradoscorrientes.com\/magistrados\/wp-json\/wp\/v2\/posts"}],"about":[{"href":"https:\/\/magistradoscorrientes.com\/magistrados\/wp-json\/wp\/v2\/types\/post"}],"author":[{"embeddable":true,"href":"https:\/\/magistradoscorrientes.com\/magistrados\/wp-json\/wp\/v2\/users\/2"}],"replies":[{"embeddable":true,"href":"https:\/\/magistradoscorrientes.com\/magistrados\/wp-json\/wp\/v2\/comments?post=12415"}],"version-history":[{"count":1,"href":"https:\/\/magistradoscorrientes.com\/magistrados\/wp-json\/wp\/v2\/posts\/12415\/revisions"}],"predecessor-version":[{"id":12418,"href":"https:\/\/magistradoscorrientes.com\/magistrados\/wp-json\/wp\/v2\/posts\/12415\/revisions\/12418"}],"wp:featuredmedia":[{"embeddable":true,"href":"https:\/\/magistradoscorrientes.com\/magistrados\/wp-json\/wp\/v2\/media\/12416"}],"wp:attachment":[{"href":"https:\/\/magistradoscorrientes.com\/magistrados\/wp-json\/wp\/v2\/media?parent=12415"}],"wp:term":[{"taxonomy":"category","embeddable":true,"href":"https:\/\/magistradoscorrientes.com\/magistrados\/wp-json\/wp\/v2\/categories?post=12415"},{"taxonomy":"post_tag","embeddable":true,"href":"https:\/\/magistradoscorrientes.com\/magistrados\/wp-json\/wp\/v2\/tags?post=12415"}],"curies":[{"name":"wp","href":"https:\/\/api.w.org\/{rel}","templated":true}]}}