{"id":12419,"date":"2026-03-01T13:37:26","date_gmt":"2026-03-01T16:37:26","guid":{"rendered":"http:\/\/magistradoscorrientes.com\/magistrados\/?p=12419"},"modified":"2026-03-01T13:37:26","modified_gmt":"2026-03-01T16:37:26","slug":"el-colegio-presente-en-la-apertura-de-sesiones-legislativas-2026","status":"publish","type":"post","link":"https:\/\/magistradoscorrientes.com\/magistrados\/el-colegio-presente-en-la-apertura-de-sesiones-legislativas-2026\/","title":{"rendered":"El Colegio presente en la Apertura de Sesiones Legislativas 2026"},"content":{"rendered":"\n<p>Queremos compartir con ustedes que nuestro Presidente, el <strong>Dr. Diego N\u00fa\u00f1ez H\u00fcel<\/strong>, particip\u00f3 en el acto de Apertura de Sesiones Legislativas &#8211; invitado por la Presidencia de la Honorable C\u00e1mara de Senadores- en representaci\u00f3n de todos los que integramos el <strong>Colegio de Magistrados y Funcionarios<\/strong>.<\/p>\n\n\n\n<p>M\u00e1s all\u00e1 del protocolo, estar presentes en estos espacios es clave para nuestra instituci\u00f3n. Nos permite reafirmar el rol del Colegio como un actor esencial en la vida democr\u00e1tica y asegurar que la voz de los asociados sea escuchada en los \u00e1mbitos donde se definen las pol\u00edticas p\u00fablicas.<\/p>\n\n\n\n<p>Participar de estos encuentros fortalece nuestra identidad, consolida el di\u00e1logo con los otros poderes del Estado y pone en valor el compromiso diario de quienes formamos parte del Poder Judicial.  <br><br>El acto de apertura del Per\u00edodo Ordinario de Sesiones, dio cumplimiento al orden del d\u00eda y se escuch\u00f3 el mensaje del Se\u00f1or Gobernador sobre el estado de la administraci\u00f3n provincial.<\/p>\n\n\n\n<figure class=\"wp-block-gallery columns-2 is-cropped\"><ul class=\"blocks-gallery-grid\"><li class=\"blocks-gallery-item\"><figure><img loading=\"lazy\" width=\"1024\" height=\"768\" src=\"http:\/\/magistradoscorrientes.com\/magistrados\/wp-content\/uploads\/2026\/03\/WhatsApp-Image-2026-03-01-at-11.45.47-1-1024x768.jpeg\" alt=\"\" data-id=\"12421\" data-full-url=\"http:\/\/magistradoscorrientes.com\/magistrados\/wp-content\/uploads\/2026\/03\/WhatsApp-Image-2026-03-01-at-11.45.47-1.jpeg\" data-link=\"http:\/\/magistradoscorrientes.com\/magistrados\/?attachment_id=12421\" class=\"wp-image-12421\" srcset=\"https:\/\/magistradoscorrientes.com\/magistrados\/wp-content\/uploads\/2026\/03\/WhatsApp-Image-2026-03-01-at-11.45.47-1-1024x768.jpeg 1024w, https:\/\/magistradoscorrientes.com\/magistrados\/wp-content\/uploads\/2026\/03\/WhatsApp-Image-2026-03-01-at-11.45.47-1-300x225.jpeg 300w, https:\/\/magistradoscorrientes.com\/magistrados\/wp-content\/uploads\/2026\/03\/WhatsApp-Image-2026-03-01-at-11.45.47-1-768x576.jpeg 768w, https:\/\/magistradoscorrientes.com\/magistrados\/wp-content\/uploads\/2026\/03\/WhatsApp-Image-2026-03-01-at-11.45.47-1.jpeg 1280w\" sizes=\"(max-width: 1024px) 100vw, 1024px\" \/><\/figure><\/li><li class=\"blocks-gallery-item\"><figure><img loading=\"lazy\" width=\"1024\" height=\"1024\" src=\"http:\/\/magistradoscorrientes.com\/magistrados\/wp-content\/uploads\/2026\/03\/WhatsApp-Image-2026-03-01-at-11.45.34-1024x1024.jpeg\" alt=\"\" data-id=\"12420\" data-full-url=\"http:\/\/magistradoscorrientes.com\/magistrados\/wp-content\/uploads\/2026\/03\/WhatsApp-Image-2026-03-01-at-11.45.34.jpeg\" data-link=\"http:\/\/magistradoscorrientes.com\/magistrados\/?attachment_id=12420\" class=\"wp-image-12420\" srcset=\"https:\/\/magistradoscorrientes.com\/magistrados\/wp-content\/uploads\/2026\/03\/WhatsApp-Image-2026-03-01-at-11.45.34-1024x1024.jpeg 1024w, https:\/\/magistradoscorrientes.com\/magistrados\/wp-content\/uploads\/2026\/03\/WhatsApp-Image-2026-03-01-at-11.45.34-300x300.jpeg 300w, https:\/\/magistradoscorrientes.com\/magistrados\/wp-content\/uploads\/2026\/03\/WhatsApp-Image-2026-03-01-at-11.45.34-150x150.jpeg 150w, https:\/\/magistradoscorrientes.com\/magistrados\/wp-content\/uploads\/2026\/03\/WhatsApp-Image-2026-03-01-at-11.45.34-768x768.jpeg 768w, https:\/\/magistradoscorrientes.com\/magistrados\/wp-content\/uploads\/2026\/03\/WhatsApp-Image-2026-03-01-at-11.45.34.jpeg 1496w\" sizes=\"(max-width: 1024px) 100vw, 1024px\" \/><\/figure><\/li><\/ul><\/figure>\n","protected":false},"excerpt":{"rendered":"<p>Queremos compartir con ustedes que nuestro Presidente, el Dr. Diego N\u00fa\u00f1ez H\u00fcel, particip\u00f3 en el acto de Apertura de Sesiones Legislativas &#8211; invitado por la Presidencia de la Honorable C\u00e1mara de Senadores- en representaci\u00f3n de todos los que integramos el Colegio de Magistrados y Funcionarios. M\u00e1s all\u00e1 del protocolo, estar presentes en estos espacios es clave para nuestra instituci\u00f3n. Nos [&hellip;]<\/p>\n","protected":false},"author":2,"featured_media":12421,"comment_status":"closed","ping_status":"open","sticky":false,"template":"","format":"standard","meta":{"ngg_post_thumbnail":0},"categories":[13],"tags":[],"_links":{"self":[{"href":"https:\/\/magistradoscorrientes.com\/magistrados\/wp-json\/wp\/v2\/posts\/12419"}],"collection":[{"href":"https:\/\/magistradoscorrientes.com\/magistrados\/wp-json\/wp\/v2\/posts"}],"about":[{"href":"https:\/\/magistradoscorrientes.com\/magistrados\/wp-json\/wp\/v2\/types\/post"}],"author":[{"embeddable":true,"href":"https:\/\/magistradoscorrientes.com\/magistrados\/wp-json\/wp\/v2\/users\/2"}],"replies":[{"embeddable":true,"href":"https:\/\/magistradoscorrientes.com\/magistrados\/wp-json\/wp\/v2\/comments?post=12419"}],"version-history":[{"count":1,"href":"https:\/\/magistradoscorrientes.com\/magistrados\/wp-json\/wp\/v2\/posts\/12419\/revisions"}],"predecessor-version":[{"id":12422,"href":"https:\/\/magistradoscorrientes.com\/magistrados\/wp-json\/wp\/v2\/posts\/12419\/revisions\/12422"}],"wp:featuredmedia":[{"embeddable":true,"href":"https:\/\/magistradoscorrientes.com\/magistrados\/wp-json\/wp\/v2\/media\/12421"}],"wp:attachment":[{"href":"https:\/\/magistradoscorrientes.com\/magistrados\/wp-json\/wp\/v2\/media?parent=12419"}],"wp:term":[{"taxonomy":"category","embeddable":true,"href":"https:\/\/magistradoscorrientes.com\/magistrados\/wp-json\/wp\/v2\/categories?post=12419"},{"taxonomy":"post_tag","embeddable":true,"href":"https:\/\/magistradoscorrientes.com\/magistrados\/wp-json\/wp\/v2\/tags?post=12419"}],"curies":[{"name":"wp","href":"https:\/\/api.w.org\/{rel}","templated":true}]}}