{"id":3390,"date":"2020-10-15T16:47:14","date_gmt":"2020-10-15T19:47:14","guid":{"rendered":"http:\/\/magistradoscorrientes.com\/magistrados\/?p=3390"},"modified":"2020-10-15T16:53:17","modified_gmt":"2020-10-15T19:53:17","slug":"resumen-de-cd-septiembre-2020","status":"publish","type":"post","link":"https:\/\/magistradoscorrientes.com\/magistrados\/resumen-de-cd-septiembre-2020\/","title":{"rendered":"Resumen de CD Septiembre 2020"},"content":{"rendered":"\n<p>Se llev\u00f3 a cabo el mi\u00e9rcoles 30 de septiembre la reuni\u00f3n mensual de la Comisi\u00f3n Directiva del Colegio de Magistrados y Funcionarios del Poder Judicial de la Provincia de Corrientes.<\/p>\n\n\n\n<p>El encuentro se desarroll\u00f3 en modalidad virtual, a trav\u00e9s de la Plataforma Zoom, y fue encabezado por la presidente de la instituci\u00f3n, la doctora Luz Masferrer, a quien acompa\u00f1aron miembros de Comisi\u00f3n Directiva de toda la provincia.<\/p>\n\n\n\n<p>En la apertura la doctora Masferrer destac\u00f3 la concreci\u00f3n de la firma de la escritura de compraventa del inmueble recientemente adquirido por el Colegio al Fideicomiso Santa Catalina.<\/p>\n\n\n\n<p><\/p>\n\n\n\n<figure class=\"wp-block-image size-large\"><img loading=\"lazy\" width=\"900\" height=\"600\" src=\"https:\/\/magistradoscorrientes.com\/magistrados\/wp-content\/uploads\/2020\/10\/DSC_0027.jpg\" alt=\"\" class=\"wp-image-3396\" srcset=\"https:\/\/magistradoscorrientes.com\/magistrados\/wp-content\/uploads\/2020\/10\/DSC_0027.jpg 900w, https:\/\/magistradoscorrientes.com\/magistrados\/wp-content\/uploads\/2020\/10\/DSC_0027-300x200.jpg 300w, https:\/\/magistradoscorrientes.com\/magistrados\/wp-content\/uploads\/2020\/10\/DSC_0027-768x512.jpg 768w, https:\/\/magistradoscorrientes.com\/magistrados\/wp-content\/uploads\/2020\/10\/DSC_0027-391x260.jpg 391w, https:\/\/magistradoscorrientes.com\/magistrados\/wp-content\/uploads\/2020\/10\/DSC_0027-600x400.jpg 600w, https:\/\/magistradoscorrientes.com\/magistrados\/wp-content\/uploads\/2020\/10\/DSC_0027-20x13.jpg 20w\" sizes=\"(max-width: 900px) 100vw, 900px\" \/><\/figure>\n\n\n\n<p>El punto uno del orden del d\u00eda estuvo reservado al Cronograma Electoral, y en ese marco la presidente explic\u00f3 que luego de fijarse dicho punto se tuvo conocimiento de la vigencia la resoluci\u00f3n N\u00b02 de Inspecci\u00f3n General de Personas Jur\u00eddicas de la Provincia de Corrientes, de fecha 20 de marzo del 2020, por la cual se prorrogan los mandatos de las asociaciones civiles mientras dure la emergencia sanitaria en \u00e1mbitos de la provincia, luego de lo cual se resolvi\u00f3 la suspensi\u00f3n del tratamiento de dicho cronograma. \u00a0<\/p>\n\n\n\n<figure class=\"wp-block-image size-large is-resized\"><img loading=\"lazy\" src=\"https:\/\/magistradoscorrientes.com\/magistrados\/wp-content\/uploads\/2020\/10\/Resolucion-N-00002-Personeria-Juridicas.jpg\" alt=\"\" class=\"wp-image-3393\" width=\"554\" height=\"676\" srcset=\"https:\/\/magistradoscorrientes.com\/magistrados\/wp-content\/uploads\/2020\/10\/Resolucion-N-00002-Personeria-Juridicas.jpg 459w, https:\/\/magistradoscorrientes.com\/magistrados\/wp-content\/uploads\/2020\/10\/Resolucion-N-00002-Personeria-Juridicas-246x300.jpg 246w, https:\/\/magistradoscorrientes.com\/magistrados\/wp-content\/uploads\/2020\/10\/Resolucion-N-00002-Personeria-Juridicas-16x20.jpg 16w\" sizes=\"(max-width: 554px) 100vw, 554px\" \/><\/figure>\n\n\n\n<p><\/p>\n\n\n\n<p>M\u00e1s adelante la Comisi\u00f3n Directiva abord\u00f3 del tema del Acto en Conmemoraci\u00f3n de los 40 a\u00f1os del Colegio. La presidente inform\u00f3 sobre los preparativos del acto, mencionando que ser\u00e1 transmitido en forma virtual por plataforma zoom.<\/p>\n\n\n\n<p>\u00abSer\u00e1 una oportunidad propicia para homenajear al doctor Julio Eduardo Castello, recientemente fallecido, y vamos a descubrir una placa con su nombre en la Sala de Lectura de la instituci\u00f3n\u00bb, coment\u00f3.<\/p>\n\n\n\n<p>El acto incluir\u00eda palabras de bienvenida, descubrimiento de placa y presentaci\u00f3n del cuadro del Acta Constitutiva de la instituci\u00f3n, palabras a cargo de la Dra Durand De Cassis y lectura a salutaciones enviadas por otras entidades por motivo del aniversario, adem\u00e1s de la presentaci\u00f3n el espacio \u00abRecordando\u00bb en el Canal Youtube de la instituci\u00f3n, donde semanalmente se publicar\u00e1n videos con experiencias de miembros de todas las comisiones directivas que han pasado hasta el momento y adem\u00e1s se presentar\u00e1 en sociedad la cuenta oficial de Instagram: @magistradosctes. Dicho programa fue aprobado por los participantes.<\/p>\n\n\n\n<p>Durante el punto tercero, reservado al Informe de Presidencia, la doctora Masferrer coment\u00f3 la nota que la instituci\u00f3n present\u00f3 ante los Legisladores referida al Proyecto de C\u00f3digo Procesal Civil y adem\u00e1s resalt\u00f3 el \u00e9xito que tuvo el Curso de Entrenamiento en Audiencias Preliminares cuyo capacitador fue Jonathan Ram\u00edrez Orellana, de la Academia Latinoamericana de Litigaci\u00f3n Civil y Penal y que organiz\u00f3 el Colegio de Magistrados de Corrientes.<\/p>\n\n\n\n<div class=\"wp-block-file\"><a href=\"https:\/\/magistradoscorrientes.com\/magistrados\/wp-content\/uploads\/2020\/10\/Nota-por-CPC-al-Senado.docx\"><strong><span class=\"has-inline-color has-vivid-red-color\">Nota-por-CPC-al-Senado<\/span><\/strong><\/a><a href=\"https:\/\/magistradoscorrientes.com\/magistrados\/wp-content\/uploads\/2020\/10\/Nota-por-CPC-al-Senado.docx\" class=\"wp-block-file__button\" download>Descarga<\/a><\/div>\n\n\n\n<p><\/p>\n\n\n\n<p>Por su parte el doctor Eugenio Balbastro inform\u00f3 acerca de la segunda parte de la Capacitaci\u00f3n para operadores del nuevo C\u00f3digo Procesal Penal de Corrientes, que tendr\u00e1 como capacitadores a los doctores Gabriela Arom\u00ed de Sommer y Juan Ram\u00f3n Alegre y que se organizar\u00e1 junto el \u00c1rea de Capacitaci\u00f3n del Poder Judicial de Corrientes.<\/p>\n\n\n\n<p>En el punto cuarto se aprob\u00f3 el pedido del doctor Juan Carlos Rojas, para realizar una encuesta entre los asociados del Colegio, informaci\u00f3n que ser\u00e1 utilizada con fines acad\u00e9micos para su trabajo final de maestr\u00eda sobre el tema Grooming.<\/p>\n\n\n\n<p>En los temas del interior, el doctor el doctor Aquino inform\u00f3 sobre una iniciativa de capacitaci\u00f3n que est\u00e1n organizando para los jueces de paz desde la Comisi\u00f3n de Justicia de paz, en el que podr\u00eda tomarte parte el doctor Niz y se realizar\u00eda por plataforma virtual.<\/p>\n\n\n\n<p>Muchas gracias!<\/p>\n","protected":false},"excerpt":{"rendered":"<p>Se llev\u00f3 a cabo el mi\u00e9rcoles 30 de septiembre la reuni\u00f3n mensual de la Comisi\u00f3n Directiva del Colegio de Magistrados y Funcionarios del Poder Judicial de la Provincia de Corrientes. El encuentro se desarroll\u00f3 en modalidad virtual, a trav\u00e9s de la Plataforma Zoom, y fue encabezado por la presidente de la instituci\u00f3n, la doctora Luz Masferrer, a quien acompa\u00f1aron miembros [&hellip;]<\/p>\n","protected":false},"author":2,"featured_media":3388,"comment_status":"closed","ping_status":"open","sticky":false,"template":"","format":"image","meta":{"ngg_post_thumbnail":0},"categories":[13],"tags":[],"_links":{"self":[{"href":"https:\/\/magistradoscorrientes.com\/magistrados\/wp-json\/wp\/v2\/posts\/3390"}],"collection":[{"href":"https:\/\/magistradoscorrientes.com\/magistrados\/wp-json\/wp\/v2\/posts"}],"about":[{"href":"https:\/\/magistradoscorrientes.com\/magistrados\/wp-json\/wp\/v2\/types\/post"}],"author":[{"embeddable":true,"href":"https:\/\/magistradoscorrientes.com\/magistrados\/wp-json\/wp\/v2\/users\/2"}],"replies":[{"embeddable":true,"href":"https:\/\/magistradoscorrientes.com\/magistrados\/wp-json\/wp\/v2\/comments?post=3390"}],"version-history":[{"count":0,"href":"https:\/\/magistradoscorrientes.com\/magistrados\/wp-json\/wp\/v2\/posts\/3390\/revisions"}],"wp:featuredmedia":[{"embeddable":true,"href":"https:\/\/magistradoscorrientes.com\/magistrados\/wp-json\/wp\/v2\/media\/3388"}],"wp:attachment":[{"href":"https:\/\/magistradoscorrientes.com\/magistrados\/wp-json\/wp\/v2\/media?parent=3390"}],"wp:term":[{"taxonomy":"category","embeddable":true,"href":"https:\/\/magistradoscorrientes.com\/magistrados\/wp-json\/wp\/v2\/categories?post=3390"},{"taxonomy":"post_tag","embeddable":true,"href":"https:\/\/magistradoscorrientes.com\/magistrados\/wp-json\/wp\/v2\/tags?post=3390"}],"curies":[{"name":"wp","href":"https:\/\/api.w.org\/{rel}","templated":true}]}}