{"id":3401,"date":"2020-10-15T16:58:09","date_gmt":"2020-10-15T19:58:09","guid":{"rendered":"http:\/\/magistradoscorrientes.com\/magistrados\/?p=3401"},"modified":"2020-10-15T16:58:12","modified_gmt":"2020-10-15T19:58:12","slug":"2do-modulo-primer-curso-de-capacitacion-virtual-para-operadores-del-nuevo-codigo-procesal-penal-de-la-provincia-de-corrientes","status":"publish","type":"post","link":"https:\/\/magistradoscorrientes.com\/magistrados\/2do-modulo-primer-curso-de-capacitacion-virtual-para-operadores-del-nuevo-codigo-procesal-penal-de-la-provincia-de-corrientes\/","title":{"rendered":"2do M\u00f3dulo Primer Curso de Capacitaci\u00f3n Virtual para Operadores del Nuevo C\u00f3digo Procesal Penal de la Provincia de Corrientes."},"content":{"rendered":"\n<p>Compartimos la realizaci\u00f3n del 2do M\u00f3dulo del Primer Curso de Capacitaci\u00f3n Virtual para Operadores del Nuevo C\u00f3digo Procesal Penal de la Provincia de Corrientes.<\/p>\n\n\n\n<p>\u2714\ufe0fDisertantes: Dra Gabriela Mar\u00eda Alejandra Arom\u00ed y Dr Juan Ram\u00f3n Alegre.<br>\u2714\ufe0fInicio: Jueves 29 de octubre<br>\u2714\ufe0fDestinatarios: Operadores del Poder Judicial y Abogados independientes.<br>\u2714\ufe0f Modalidad: Virtual y gratuita. 4 clases de 2hs c\/u. Entrega de Certificados.<\/p>\n\n\n\n<p>IMPORTANTE \u203c\ufe0f Inscripci\u00f3n pr\u00f3ximamente habilitada por INTRANET (\u00c1rea de Capacitaci\u00f3n del Poder Judicial)<\/p>\n\n\n\n<p>\u2714\ufe0f Actividad organizada en forma conjunta por el Colegio de Magistrados y Funcionarios del Poder Judicial de la Provincia de Corrientes junto al \u00c1rea de Capacitaci\u00f3n del Poder Judicial de la Corrientes.<\/p>\n\n\n\n<figure class=\"wp-block-embed-youtube wp-block-embed is-type-video is-provider-youtube wp-embed-aspect-16-9 wp-has-aspect-ratio\"><div class=\"wp-block-embed__wrapper\">\n<iframe title=\"Dr Eugenio Ram\u00f3n Balbastro\" width=\"640\" height=\"360\" src=\"https:\/\/www.youtube.com\/embed\/F9ptELhB2b8?feature=oembed\" frameborder=\"0\" allow=\"accelerometer; autoplay; clipboard-write; encrypted-media; gyroscope; picture-in-picture\" allowfullscreen><\/iframe>\n<\/div><\/figure>\n\n\n\n<p><\/p>\n","protected":false},"excerpt":{"rendered":"<p>Compartimos la realizaci\u00f3n del 2do M\u00f3dulo del Primer Curso de Capacitaci\u00f3n Virtual para Operadores del Nuevo C\u00f3digo Procesal Penal de la Provincia de Corrientes. \u2714\ufe0fDisertantes: Dra Gabriela Mar\u00eda Alejandra Arom\u00ed y Dr Juan Ram\u00f3n Alegre.\u2714\ufe0fInicio: Jueves 29 de octubre\u2714\ufe0fDestinatarios: Operadores del Poder Judicial y Abogados independientes.\u2714\ufe0f Modalidad: Virtual y gratuita. 4 clases de 2hs c\/u. Entrega de Certificados. IMPORTANTE \u203c\ufe0f [&hellip;]<\/p>\n","protected":false},"author":2,"featured_media":3402,"comment_status":"closed","ping_status":"open","sticky":false,"template":"","format":"standard","meta":{"ngg_post_thumbnail":0},"categories":[13],"tags":[],"_links":{"self":[{"href":"https:\/\/magistradoscorrientes.com\/magistrados\/wp-json\/wp\/v2\/posts\/3401"}],"collection":[{"href":"https:\/\/magistradoscorrientes.com\/magistrados\/wp-json\/wp\/v2\/posts"}],"about":[{"href":"https:\/\/magistradoscorrientes.com\/magistrados\/wp-json\/wp\/v2\/types\/post"}],"author":[{"embeddable":true,"href":"https:\/\/magistradoscorrientes.com\/magistrados\/wp-json\/wp\/v2\/users\/2"}],"replies":[{"embeddable":true,"href":"https:\/\/magistradoscorrientes.com\/magistrados\/wp-json\/wp\/v2\/comments?post=3401"}],"version-history":[{"count":0,"href":"https:\/\/magistradoscorrientes.com\/magistrados\/wp-json\/wp\/v2\/posts\/3401\/revisions"}],"wp:featuredmedia":[{"embeddable":true,"href":"https:\/\/magistradoscorrientes.com\/magistrados\/wp-json\/wp\/v2\/media\/3402"}],"wp:attachment":[{"href":"https:\/\/magistradoscorrientes.com\/magistrados\/wp-json\/wp\/v2\/media?parent=3401"}],"wp:term":[{"taxonomy":"category","embeddable":true,"href":"https:\/\/magistradoscorrientes.com\/magistrados\/wp-json\/wp\/v2\/categories?post=3401"},{"taxonomy":"post_tag","embeddable":true,"href":"https:\/\/magistradoscorrientes.com\/magistrados\/wp-json\/wp\/v2\/tags?post=3401"}],"curies":[{"name":"wp","href":"https:\/\/api.w.org\/{rel}","templated":true}]}}