{"id":3696,"date":"2020-10-21T19:33:05","date_gmt":"2020-10-21T22:33:05","guid":{"rendered":"http:\/\/magistradoscorrientes.com\/magistrados\/?p=3696"},"modified":"2020-10-22T13:18:34","modified_gmt":"2020-10-22T16:18:34","slug":"el-stj-recibio-a-integrantes-de-comision-directiva","status":"publish","type":"post","link":"https:\/\/magistradoscorrientes.com\/magistrados\/el-stj-recibio-a-integrantes-de-comision-directiva\/","title":{"rendered":"El STJ recibi\u00f3 a integrantes de Comisi\u00f3n Directiva"},"content":{"rendered":"\n<p>En el d\u00eda de la fecha, el Superior Tribunal de Justicia (STJ), recibi\u00f3 a integrantes de la Comisi\u00f3n Directiva de nuestro Colegio, quienes presentaron una nota dejando en claro la posici\u00f3n sobre la feria de verano y conversaron sobre temas relacionados a precauciones y protocolos frente a casos de Covid-19 y propuesta de trabajo rotativo efectuada en nota anterior.<\/p>\n\n\n\n<p>El Sr. Presidente recibi\u00f3 la inquietud haciendo saber que el primer tema no est\u00e1 en agenda. De todos modos la nota fue presentada haciendo saber las razones de la oposici\u00f3n a la suspensi\u00f3n de la feria. (Adjuntamos nota)<\/p>\n\n\n\n<p>La nota por el tema feria tambi\u00e9n ser\u00e1 presentada al sr. Fiscal General.<\/p>\n\n\n\n<div class=\"wp-block-file\"><a href=\"https:\/\/magistradoscorrientes.com\/magistrados\/wp-content\/uploads\/2020\/10\/nota-STJ.21.10.20.pdf\">Nota-STJ.21.10.20<\/a><a href=\"https:\/\/magistradoscorrientes.com\/magistrados\/wp-content\/uploads\/2020\/10\/nota-STJ.21.10.20.pdf\" class=\"wp-block-file__button\" download>Descarga<\/a><\/div>\n\n\n\n<p>La preocupaci\u00f3n por medidas de salubridad en los edificios judiciales y la propuesta de trabajo por grupos fue receptada por el Presidente, lo que ser\u00e1 evaluado con los se\u00f1ores ministros. <\/p>\n\n\n\n<p>Recordamos que d\u00edas atr\u00e1s se entreg\u00f3 tambi\u00e9n una nota al Superior Tribunal de Justicia por parte del Colegio de Magistrados y Funcionarios del Poder Judicial de la Provincia de Corrientes, SOLICITANDO que el Alto Cuerpo EVAL\u00daE disponer el trabajo en oficinas repartidos en grupos, con asistencia semanal alternada en modo presencial y modo home office o virtual.<\/p>\n\n\n\n<p>Adem\u00e1s, se solicit\u00f3 que el STJ disponga sistemas de trabajos que permitan que en el caso de detectarse alg\u00fan agente con COVID-19 en el grupo de trabajo solo sea aislado dicho grupo, mientras el otro \u2013 previa profunda desinfecci\u00f3n del edificio de que se trate- pueda asistir a trabajar, garantiz\u00e1ndose as\u00ed la prestaci\u00f3n del servicio judicial.<\/p>\n\n\n\n<figure class=\"wp-block-image size-large\"><img loading=\"lazy\" width=\"629\" height=\"1024\" src=\"https:\/\/magistradoscorrientes.com\/magistrados\/wp-content\/uploads\/2020\/10\/WhatsApp-Image-2020-10-22-at-12.55.31-629x1024.jpeg\" alt=\"\" class=\"wp-image-3717\" srcset=\"https:\/\/magistradoscorrientes.com\/magistrados\/wp-content\/uploads\/2020\/10\/WhatsApp-Image-2020-10-22-at-12.55.31-629x1024.jpeg 629w, https:\/\/magistradoscorrientes.com\/magistrados\/wp-content\/uploads\/2020\/10\/WhatsApp-Image-2020-10-22-at-12.55.31-184x300.jpeg 184w, https:\/\/magistradoscorrientes.com\/magistrados\/wp-content\/uploads\/2020\/10\/WhatsApp-Image-2020-10-22-at-12.55.31-12x20.jpeg 12w, https:\/\/magistradoscorrientes.com\/magistrados\/wp-content\/uploads\/2020\/10\/WhatsApp-Image-2020-10-22-at-12.55.31.jpeg 717w\" sizes=\"(max-width: 629px) 100vw, 629px\" \/><\/figure>\n\n\n\n<p><\/p>\n\n\n\n<p><\/p>\n","protected":false},"excerpt":{"rendered":"<p>En el d\u00eda de la fecha, el Superior Tribunal de Justicia (STJ), recibi\u00f3 a integrantes de la Comisi\u00f3n Directiva de nuestro Colegio, quienes presentaron una nota dejando en claro la posici\u00f3n sobre la feria de verano y conversaron sobre temas relacionados a precauciones y protocolos frente a casos de Covid-19 y propuesta de trabajo rotativo efectuada en nota anterior. El [&hellip;]<\/p>\n","protected":false},"author":2,"featured_media":3699,"comment_status":"closed","ping_status":"open","sticky":false,"template":"","format":"standard","meta":{"ngg_post_thumbnail":0},"categories":[13],"tags":[],"_links":{"self":[{"href":"https:\/\/magistradoscorrientes.com\/magistrados\/wp-json\/wp\/v2\/posts\/3696"}],"collection":[{"href":"https:\/\/magistradoscorrientes.com\/magistrados\/wp-json\/wp\/v2\/posts"}],"about":[{"href":"https:\/\/magistradoscorrientes.com\/magistrados\/wp-json\/wp\/v2\/types\/post"}],"author":[{"embeddable":true,"href":"https:\/\/magistradoscorrientes.com\/magistrados\/wp-json\/wp\/v2\/users\/2"}],"replies":[{"embeddable":true,"href":"https:\/\/magistradoscorrientes.com\/magistrados\/wp-json\/wp\/v2\/comments?post=3696"}],"version-history":[{"count":0,"href":"https:\/\/magistradoscorrientes.com\/magistrados\/wp-json\/wp\/v2\/posts\/3696\/revisions"}],"wp:featuredmedia":[{"embeddable":true,"href":"https:\/\/magistradoscorrientes.com\/magistrados\/wp-json\/wp\/v2\/media\/3699"}],"wp:attachment":[{"href":"https:\/\/magistradoscorrientes.com\/magistrados\/wp-json\/wp\/v2\/media?parent=3696"}],"wp:term":[{"taxonomy":"category","embeddable":true,"href":"https:\/\/magistradoscorrientes.com\/magistrados\/wp-json\/wp\/v2\/categories?post=3696"},{"taxonomy":"post_tag","embeddable":true,"href":"https:\/\/magistradoscorrientes.com\/magistrados\/wp-json\/wp\/v2\/tags?post=3696"}],"curies":[{"name":"wp","href":"https:\/\/api.w.org\/{rel}","templated":true}]}}