{"id":3853,"date":"2020-11-06T08:00:23","date_gmt":"2020-11-06T11:00:23","guid":{"rendered":"http:\/\/magistradoscorrientes.com\/magistrados\/?p=3853"},"modified":"2020-11-06T08:00:24","modified_gmt":"2020-11-06T11:00:24","slug":"charla-investigacion-fiscal-en-redes-sociales-y-proveedores-de-internet","status":"publish","type":"post","link":"https:\/\/magistradoscorrientes.com\/magistrados\/charla-investigacion-fiscal-en-redes-sociales-y-proveedores-de-internet\/","title":{"rendered":"Charla: \u00bbInvestigaci\u00f3n fiscal en Redes Sociales y Proveedores de Internet\u00bb"},"content":{"rendered":"\n<p>La nueva propuesta de capacitaci\u00f3n es organizado en conjunto por el Colegio de Magistrados y Funcionarios del Poder Judicial de la Provincia de Corrientes junto a Editorial Contexto y Fundaci\u00f3n Formarte.<\/p>\n\n\n\n<p>El encuentro virtual estar\u00e1 a cargo del Dr Rafael Garc\u00eda. Y ser\u00e1 el 11 de noviembre a partir de las 17hs. <\/p>\n\n\n\n<p>Se entrega certificado de asistencia. Contar\u00e1 con conexi\u00f3n v\u00eda Streaming y la actividad ser\u00e1 gratuita. <\/p>\n\n\n\n<figure class=\"wp-block-embed-youtube wp-block-embed is-type-video is-provider-youtube wp-embed-aspect-16-9 wp-has-aspect-ratio\"><div class=\"wp-block-embed__wrapper\">\n<iframe title=\"Charla virtual: &#039;&#039;Investigaci\u00f3n Fiscal en Redes Sociales y Proveedores de Internet&#039;&#039;\" width=\"640\" height=\"360\" src=\"https:\/\/www.youtube.com\/embed\/kyHCmUgr5aQ?feature=oembed\" frameborder=\"0\" allow=\"accelerometer; autoplay; clipboard-write; encrypted-media; gyroscope; picture-in-picture\" allowfullscreen><\/iframe>\n<\/div><\/figure>\n\n\n\n<p>\ud83d\udd17 EN VIVO | Fundaci\u00f3n Formarte<br>Inscripci\u00f3n: https:\/\/forms.gle\/u9AP7MzxZzmPybsU6 <\/p>\n\n\n\n<p><\/p>\n\n\n\n<p><\/p>\n","protected":false},"excerpt":{"rendered":"<p>La nueva propuesta de capacitaci\u00f3n es organizado en conjunto por el Colegio de Magistrados y Funcionarios del Poder Judicial de la Provincia de Corrientes junto a Editorial Contexto y Fundaci\u00f3n Formarte. El encuentro virtual estar\u00e1 a cargo del Dr Rafael Garc\u00eda. Y ser\u00e1 el 11 de noviembre a partir de las 17hs. Se entrega certificado de asistencia. Contar\u00e1 con conexi\u00f3n [&hellip;]<\/p>\n","protected":false},"author":2,"featured_media":3854,"comment_status":"closed","ping_status":"open","sticky":false,"template":"","format":"standard","meta":{"ngg_post_thumbnail":0},"categories":[13],"tags":[],"_links":{"self":[{"href":"https:\/\/magistradoscorrientes.com\/magistrados\/wp-json\/wp\/v2\/posts\/3853"}],"collection":[{"href":"https:\/\/magistradoscorrientes.com\/magistrados\/wp-json\/wp\/v2\/posts"}],"about":[{"href":"https:\/\/magistradoscorrientes.com\/magistrados\/wp-json\/wp\/v2\/types\/post"}],"author":[{"embeddable":true,"href":"https:\/\/magistradoscorrientes.com\/magistrados\/wp-json\/wp\/v2\/users\/2"}],"replies":[{"embeddable":true,"href":"https:\/\/magistradoscorrientes.com\/magistrados\/wp-json\/wp\/v2\/comments?post=3853"}],"version-history":[{"count":2,"href":"https:\/\/magistradoscorrientes.com\/magistrados\/wp-json\/wp\/v2\/posts\/3853\/revisions"}],"predecessor-version":[{"id":3856,"href":"https:\/\/magistradoscorrientes.com\/magistrados\/wp-json\/wp\/v2\/posts\/3853\/revisions\/3856"}],"wp:featuredmedia":[{"embeddable":true,"href":"https:\/\/magistradoscorrientes.com\/magistrados\/wp-json\/wp\/v2\/media\/3854"}],"wp:attachment":[{"href":"https:\/\/magistradoscorrientes.com\/magistrados\/wp-json\/wp\/v2\/media?parent=3853"}],"wp:term":[{"taxonomy":"category","embeddable":true,"href":"https:\/\/magistradoscorrientes.com\/magistrados\/wp-json\/wp\/v2\/categories?post=3853"},{"taxonomy":"post_tag","embeddable":true,"href":"https:\/\/magistradoscorrientes.com\/magistrados\/wp-json\/wp\/v2\/tags?post=3853"}],"curies":[{"name":"wp","href":"https:\/\/api.w.org\/{rel}","templated":true}]}}