{"id":3858,"date":"2020-11-12T19:05:15","date_gmt":"2020-11-12T22:05:15","guid":{"rendered":"http:\/\/magistradoscorrientes.com\/magistrados\/?p=3858"},"modified":"2020-11-12T19:05:19","modified_gmt":"2020-11-12T22:05:19","slug":"capital-paso-de-los-libres-y-bella-vista-tendran-servicio-de-justicia-de-atencion-extraordinaria-administrada","status":"publish","type":"post","link":"https:\/\/magistradoscorrientes.com\/magistrados\/capital-paso-de-los-libres-y-bella-vista-tendran-servicio-de-justicia-de-atencion-extraordinaria-administrada\/","title":{"rendered":"Capital, Paso de los Libres y Bella Vista tendr\u00e1n servicio de justicia de atenci\u00f3n extraordinaria administrada"},"content":{"rendered":"\n<p>El Superior Tribunal de Justicia dispuso que desde el 13 y hasta el 20 de noviembre inclusive las actividades judiciales de todos los Tribunales y dependencias de la ciudades de Corrientes, Paso de los Libres y Bella Vista cumplir\u00e1n el servicio de justicia de atenci\u00f3n extraordinaria administrada por pandemia Covid-19.<\/p>\n\n\n\n<div class=\"wp-block-file\"><a href=\"https:\/\/magistradoscorrientes.com\/magistrados\/wp-content\/uploads\/2020\/11\/Servicio-de-Justicia-Administrada.pdf\">Servicio-de-Justicia-Administrada<\/a><a href=\"https:\/\/magistradoscorrientes.com\/magistrados\/wp-content\/uploads\/2020\/11\/Servicio-de-Justicia-Administrada.pdf\" class=\"wp-block-file__button\" download>Descarga<\/a><\/div>\n\n\n\n<p>La medida fue tomada por el Superior Tribunal de Justicia en virtud de la situaci\u00f3n epidemiol\u00f3gica actual.<\/p>\n\n\n\n<p>Desde el viernes 13 y hasta el 20 de noviembre inclusive prestar\u00e1n servicios en las ciudades de Corrientes, Paso de los Libres y Bella Vista los Ministros del Superior Tribunal de Justicia, el Fiscal General, el Fiscal Adjunto, los Jueces de Apelaciones, los Jueces de los Tribunales Orales Penales, los Jueces de primera instancia de todos los fueros, los Jueces de Instrucci\u00f3n y Correccionales (hoy de Garantias), el Juez de Ejecuci\u00f3n de Penas, los Jueces de Menores, los Jueces de Familia, y el Juez de Paz Barrial.<\/p>\n\n\n\n<p>Tambi\u00e9n los titulares de dependencias del Ministerio P\u00fablico Fiscales, los Defensores y Asesores- con sus respectivos Secretarios y Prosecretarios, con funciones de Actuarios y\/o Relatores, como as\u00ed tambi\u00e9n, Directores, Jefes de Areas Administrativas y T\u00e9cnicos-Profesionales.<\/p>\n\n\n\n<p>Los Tribunales y dependencias deber\u00e1n convocar de manera rotativa a 1\/3 (un tercio) del plantel de empleados administrativos para que presten servicio de manera presencial.<\/p>\n\n\n\n<p>El resto del personal administrativo podr\u00e1 ser convocado para prestar servicio home office.<\/p>\n\n\n\n<p>Los juzgados que se encuentran de turno podr\u00e1n convocar a todo el personal que resulte indispensable para la efectiva prestaci\u00f3n del servicio de justicia.<\/p>\n\n\n\n<p>Quedan exentos a cumplir funciones de manera presencial los agentes que se encuentren comprendidos dentro del grupo de riesgo conforme las pautas vigentes establecidas por este Tribunal.<\/p>\n\n\n\n<p>El horario de prestaci\u00f3n de servicio continuar\u00e1 siendo de 7 a 13 horas y se podr\u00e1 hablitar el turno vespertino hasta las 20 horas para cumplir las actividades del servicio.<\/p>\n\n\n\n<p>Durante este per\u00edodo rige el Marco Regulatorio de Emergencia General (MREG) actualmente vigente (-ver Texto Superior ordenado y publicado en el Anexo ll del Acuerdo N\u00b0 8\/2020-).<\/p>\n\n\n\n<p>Se recuerda que los trabajadores, funcionarios y magistrados deber\u00e1n estrictamente cumplir el uso de barbijos permanentemente; lavado de manos, adem\u00e1s de garantizar la limpieza y desinfecci\u00f3n del espacio y muebles de trabajo peri\u00f3dicamente. Tambi\u00e9n evitar todo tipo de contacto f\u00edsico, incluso al saludar. Mantenerse a m\u00e1s de dos metros de distancia de las personas. No compartir alimentos, bebidas, cubiertos, platos, vasos, tel\u00e9fonos celulares ni objetos personales. En caso de toser o estornudar, hacerlo sobre el pliegue del codo.<\/p>\n\n\n\n<p>Fuente: Poder Judicial de Corrientes<\/p>\n","protected":false},"excerpt":{"rendered":"<p>El Superior Tribunal de Justicia dispuso que desde el 13 y hasta el 20 de noviembre inclusive las actividades judiciales de todos los Tribunales y dependencias de la ciudades de Corrientes, Paso de los Libres y Bella Vista cumplir\u00e1n el servicio de justicia de atenci\u00f3n extraordinaria administrada por pandemia Covid-19. La medida fue tomada por el Superior Tribunal de Justicia [&hellip;]<\/p>\n","protected":false},"author":2,"featured_media":3860,"comment_status":"closed","ping_status":"open","sticky":false,"template":"","format":"standard","meta":{"ngg_post_thumbnail":0},"categories":[13],"tags":[],"_links":{"self":[{"href":"https:\/\/magistradoscorrientes.com\/magistrados\/wp-json\/wp\/v2\/posts\/3858"}],"collection":[{"href":"https:\/\/magistradoscorrientes.com\/magistrados\/wp-json\/wp\/v2\/posts"}],"about":[{"href":"https:\/\/magistradoscorrientes.com\/magistrados\/wp-json\/wp\/v2\/types\/post"}],"author":[{"embeddable":true,"href":"https:\/\/magistradoscorrientes.com\/magistrados\/wp-json\/wp\/v2\/users\/2"}],"replies":[{"embeddable":true,"href":"https:\/\/magistradoscorrientes.com\/magistrados\/wp-json\/wp\/v2\/comments?post=3858"}],"version-history":[{"count":1,"href":"https:\/\/magistradoscorrientes.com\/magistrados\/wp-json\/wp\/v2\/posts\/3858\/revisions"}],"predecessor-version":[{"id":3861,"href":"https:\/\/magistradoscorrientes.com\/magistrados\/wp-json\/wp\/v2\/posts\/3858\/revisions\/3861"}],"wp:featuredmedia":[{"embeddable":true,"href":"https:\/\/magistradoscorrientes.com\/magistrados\/wp-json\/wp\/v2\/media\/3860"}],"wp:attachment":[{"href":"https:\/\/magistradoscorrientes.com\/magistrados\/wp-json\/wp\/v2\/media?parent=3858"}],"wp:term":[{"taxonomy":"category","embeddable":true,"href":"https:\/\/magistradoscorrientes.com\/magistrados\/wp-json\/wp\/v2\/categories?post=3858"},{"taxonomy":"post_tag","embeddable":true,"href":"https:\/\/magistradoscorrientes.com\/magistrados\/wp-json\/wp\/v2\/tags?post=3858"}],"curies":[{"name":"wp","href":"https:\/\/api.w.org\/{rel}","templated":true}]}}