{"id":3883,"date":"2019-09-11T12:56:34","date_gmt":"2019-09-11T15:56:34","guid":{"rendered":"http:\/\/magistradoscorrientes.com\/magistrados\/?p=3883"},"modified":"2020-11-14T13:04:37","modified_gmt":"2020-11-14T16:04:37","slug":"seminario-y-taller-sobre-manejo-de-situaciones-de-crisis-comunicacionales-para-la-judicatura","status":"publish","type":"post","link":"https:\/\/magistradoscorrientes.com\/magistrados\/seminario-y-taller-sobre-manejo-de-situaciones-de-crisis-comunicacionales-para-la-judicatura\/","title":{"rendered":"Seminario y taller sobre manejo de situaciones de crisis comunicacionales para la judicatura"},"content":{"rendered":"\n<p>Del 16 al 18 de septiembre se realizar\u00e1 en Corrientes el seminario y taller \u201cManejo de situaciones de crisis comunicacionales para la judicatura\u201d. La primera jornada se desarrollar\u00e1 en la localidad de Curuz\u00fa Cuati\u00e1, y las pr\u00f3ximas dos en el Colegio de Magistrados (Capital). El martes 17 ser\u00e1 abierta a integrantes del Poder Judicial y comunicadores; mientras que el mi\u00e9rcoles consistir\u00e1 en un taller exclusivo para magistrados y funcionarios.<\/p>\n\n\n\n<p>Las actividades son organizadas por el Colegio de Magistrados y Funcionarios de Corrientes y el Superior Tribunal de Justicia, a trav\u00e9s de su Direcci\u00f3n de Prensa, y estar\u00e1n a cargo del licenciado Kevin Lehmann, especialista en comunicaci\u00f3n judicial y asesor de la Federaci\u00f3n Argentina de la Magistratura.<\/p>\n\n\n\n<p>El encuentro del d\u00eda lunes tendr\u00e1 lugar en&nbsp; la Asociaci\u00f3n Cultural y Art\u00edstica de la localidad de Curuz\u00fa &#8211; Dr. Pozzi 560-, el lunes 16 a las 16.30 horas. El martes y mi\u00e9rcoles se trasladar\u00e1n a Capital, precisamente en la sede del Colegio de Magistrados \u2013Buenos Aires 780-, donde se realizar\u00e1n:<br>&#8211; El 17 -de 17 a 20 Hs.: Seminario destinado a magistrados, funcionarios, secretarios de Juzgados, periodistas, abogados, estudiantes de carreras afines y p\u00fablico en general interesado en la tem\u00e1tica;<br>&#8211; El 18 ser\u00e1 un taller exclusivo para magistrados y funcionarios del Poder Judicial.<\/p>\n\n\n\n<p>Las inscripciones en Capital se realizar\u00e1n en el Colegio de Magistrados de 8 a 13 y de 17 a 20. Las actividades ser\u00e1n gratuitas para los asociados de la instituci\u00f3n, mientras que el seminario del d\u00eca martes 17 tendr\u00e1 un costo de 100$ para estudiantes, 200$ para periodistas, comunicadores sociales, abogados y no asociados a la instituci\u00f3n.<\/p>\n\n\n\n<p>Cabe destacar que el licenciado Kevin Lehmann es Soci\u00f3logo por la Universidad Complutense de Madrid; Licenciado en Ciencias Pol\u00edticas por la misma casa de estudios, vocero del Colegio de Magistrados y Funcionarios del Poder Judicial de la Provincia de Buenos Aires, Co-Director del Posgrado en Comunicaci\u00f3n Judicial de la Universidad Nacional de C\u00f3rdoba y Asesor de Comunicaci\u00f3n de la Federaci\u00f3n Argentina de la Magistratura y Funci\u00f3n Judicial.<\/p>\n","protected":false},"excerpt":{"rendered":"<p>Del 16 al 18 de septiembre se realizar\u00e1 en Corrientes el seminario y taller \u201cManejo de situaciones de crisis comunicacionales para la judicatura\u201d. La primera jornada se desarrollar\u00e1 en la localidad de Curuz\u00fa Cuati\u00e1, y las pr\u00f3ximas dos en el Colegio de Magistrados (Capital). El martes 17 ser\u00e1 abierta a integrantes del Poder Judicial y comunicadores; mientras que el mi\u00e9rcoles [&hellip;]<\/p>\n","protected":false},"author":1,"featured_media":3898,"comment_status":"closed","ping_status":"open","sticky":false,"template":"","format":"standard","meta":{"ngg_post_thumbnail":0},"categories":[13],"tags":[],"_links":{"self":[{"href":"https:\/\/magistradoscorrientes.com\/magistrados\/wp-json\/wp\/v2\/posts\/3883"}],"collection":[{"href":"https:\/\/magistradoscorrientes.com\/magistrados\/wp-json\/wp\/v2\/posts"}],"about":[{"href":"https:\/\/magistradoscorrientes.com\/magistrados\/wp-json\/wp\/v2\/types\/post"}],"author":[{"embeddable":true,"href":"https:\/\/magistradoscorrientes.com\/magistrados\/wp-json\/wp\/v2\/users\/1"}],"replies":[{"embeddable":true,"href":"https:\/\/magistradoscorrientes.com\/magistrados\/wp-json\/wp\/v2\/comments?post=3883"}],"version-history":[{"count":1,"href":"https:\/\/magistradoscorrientes.com\/magistrados\/wp-json\/wp\/v2\/posts\/3883\/revisions"}],"predecessor-version":[{"id":3899,"href":"https:\/\/magistradoscorrientes.com\/magistrados\/wp-json\/wp\/v2\/posts\/3883\/revisions\/3899"}],"wp:featuredmedia":[{"embeddable":true,"href":"https:\/\/magistradoscorrientes.com\/magistrados\/wp-json\/wp\/v2\/media\/3898"}],"wp:attachment":[{"href":"https:\/\/magistradoscorrientes.com\/magistrados\/wp-json\/wp\/v2\/media?parent=3883"}],"wp:term":[{"taxonomy":"category","embeddable":true,"href":"https:\/\/magistradoscorrientes.com\/magistrados\/wp-json\/wp\/v2\/categories?post=3883"},{"taxonomy":"post_tag","embeddable":true,"href":"https:\/\/magistradoscorrientes.com\/magistrados\/wp-json\/wp\/v2\/tags?post=3883"}],"curies":[{"name":"wp","href":"https:\/\/api.w.org\/{rel}","templated":true}]}}