{"id":3957,"date":"2019-03-03T13:44:17","date_gmt":"2019-03-03T16:44:17","guid":{"rendered":"http:\/\/magistradoscorrientes.com\/magistrados\/?p=3957"},"modified":"2020-11-14T14:31:14","modified_gmt":"2020-11-14T17:31:14","slug":"llamado-al-concurso-del-consejo-de-la-magistratura","status":"publish","type":"post","link":"https:\/\/magistradoscorrientes.com\/magistrados\/llamado-al-concurso-del-consejo-de-la-magistratura\/","title":{"rendered":"Llamado al concurso del Consejo de la Magistratura"},"content":{"rendered":"\n<p>Convoca a inscripci\u00f3n para cubrir cargos en el Poder Judicial de la Provincia de Corrientes:<\/p>\n\n\n\n<p><em>Primera Circunscripci\u00f3n Judicial<\/em><\/p>\n\n\n\n<p>\u2013 Con asiento en la ciudad de Corrientes:<\/p>\n\n\n\n<p>Un (1) cargo de Juez del Tribunal Oral Penal N\u00ba 2 (tercer llamado para completar terna).<\/p>\n\n\n\n<p><em>Segunda Circunscripci\u00f3n Judicial<\/em><\/p>\n\n\n\n<p>\u2013 Con asiento en la ciudad de Goya:<\/p>\n\n\n\n<p>Un (1) cargo de Juez del Tribunal Oral Penal (segundo llamado para completar terna).<br>Un (1) cargo de Juez Laboral.<\/p>\n\n\n\n<p><em>Quinta Circunscripci\u00f3n Judicial<\/em><\/p>\n\n\n\n<p>\u2013 Con asiento en la ciudad de Gobernador Virasoro:<\/p>\n\n\n\n<p>Un (1) cargo de Fiscal de Instrucci\u00f3n y Correccional (cuarto llamado para completar terna).<br>Un (1) cargo de Juez de Instrucci\u00f3n y Correccional (cuarto llamado para completar terna).<\/p>\n\n\n\n<p><em>Inscripci\u00f3n:<\/em>&nbsp;En la p\u00e1gina web:&nbsp;<a href=\"http:\/\/127.0.0.1\/notix\/noticia\/00947\/761\/%22http:\/\/www.juscorrientes.gov.ar\/seccion\/consejo-de-lamagistratura\/convocatorias%22\">http:\/\/www.juscorrientes.gov.ar\/seccion\/consejo-de-lamagistratura\/convocatorias<\/a>.<\/p>\n\n\n\n<p>Requisitos para la presentaci\u00f3n de legajos:&nbsp;<a href=\"http:\/\/127.0.0.1\/notix\/noticia\/00947\/761\/%22http:\/\/www.juscorrientes.gov.ar\/wp-content\/uploads\/consejo-de-la-magistratura\/convocatorias\/pdf\/2019\/REQUISITOS-PRESENTACI%C3%93N-DE-LEGAJOS.pdf%22\">http:\/\/www.juscorrientes.gov.ar\/wp-content\/uploads\/consejo-de-la-magistratura\/convocatorias\/pdf\/2019\/REQUISITOS-PRESENTACI%C3%93N-DE-LEGAJOS.pdf<\/a><\/p>\n\n\n\n<p><em>Informes<\/em>: En la p\u00e1gina web:&nbsp;<a href=\"http:\/\/127.0.0.1\/notix\/noticia\/00947\/761\/%22http:\/\/www.juscorrientes.gov.ar\/seccion\/consejo-de-lamagistratura\/convocatorias%22\">http:\/\/www.juscorrientes.gov.ar\/seccion\/consejo-de-lamagistratura\/convocatorias<\/a><br>o al tel\u00e9fono 0379-4476532<\/p>\n\n\n\n<p><em>Plazo:<\/em>&nbsp;Desde las 00:00 hs del 05\/04\/19 a las 24:00 hs del 22\/04\/19.<\/p>\n\n\n\n<p><em>Requisitos de Admisibilidad<\/em>: Art. 181 de la Constituci\u00f3n Provincial; art. 14 de la Ley Org\u00e1nica de la Administraci\u00f3n de Justicia; art. 6 de la Ley Org\u00e1nica del Ministerio P\u00fablico y arts. 26, 26 bis y 68 segundo p\u00e1rrafo del Reglamento Interno del Consejo de la Magistratura.<\/p>\n","protected":false},"excerpt":{"rendered":"<p>Convoca a inscripci\u00f3n para cubrir cargos en el Poder Judicial de la Provincia de Corrientes: Primera Circunscripci\u00f3n Judicial \u2013 Con asiento en la ciudad de Corrientes: Un (1) cargo de Juez del Tribunal Oral Penal N\u00ba 2 (tercer llamado para completar terna). Segunda Circunscripci\u00f3n Judicial \u2013 Con asiento en la ciudad de Goya: Un (1) cargo de Juez del Tribunal [&hellip;]<\/p>\n","protected":false},"author":1,"featured_media":3968,"comment_status":"closed","ping_status":"open","sticky":false,"template":"","format":"standard","meta":{"ngg_post_thumbnail":0},"categories":[13],"tags":[],"_links":{"self":[{"href":"https:\/\/magistradoscorrientes.com\/magistrados\/wp-json\/wp\/v2\/posts\/3957"}],"collection":[{"href":"https:\/\/magistradoscorrientes.com\/magistrados\/wp-json\/wp\/v2\/posts"}],"about":[{"href":"https:\/\/magistradoscorrientes.com\/magistrados\/wp-json\/wp\/v2\/types\/post"}],"author":[{"embeddable":true,"href":"https:\/\/magistradoscorrientes.com\/magistrados\/wp-json\/wp\/v2\/users\/1"}],"replies":[{"embeddable":true,"href":"https:\/\/magistradoscorrientes.com\/magistrados\/wp-json\/wp\/v2\/comments?post=3957"}],"version-history":[{"count":1,"href":"https:\/\/magistradoscorrientes.com\/magistrados\/wp-json\/wp\/v2\/posts\/3957\/revisions"}],"predecessor-version":[{"id":3969,"href":"https:\/\/magistradoscorrientes.com\/magistrados\/wp-json\/wp\/v2\/posts\/3957\/revisions\/3969"}],"wp:featuredmedia":[{"embeddable":true,"href":"https:\/\/magistradoscorrientes.com\/magistrados\/wp-json\/wp\/v2\/media\/3968"}],"wp:attachment":[{"href":"https:\/\/magistradoscorrientes.com\/magistrados\/wp-json\/wp\/v2\/media?parent=3957"}],"wp:term":[{"taxonomy":"category","embeddable":true,"href":"https:\/\/magistradoscorrientes.com\/magistrados\/wp-json\/wp\/v2\/categories?post=3957"},{"taxonomy":"post_tag","embeddable":true,"href":"https:\/\/magistradoscorrientes.com\/magistrados\/wp-json\/wp\/v2\/tags?post=3957"}],"curies":[{"name":"wp","href":"https:\/\/api.w.org\/{rel}","templated":true}]}}