{"id":3959,"date":"2019-02-26T13:44:27","date_gmt":"2019-02-26T16:44:27","guid":{"rendered":"http:\/\/magistradoscorrientes.com\/magistrados\/?p=3959"},"modified":"2020-11-14T14:33:07","modified_gmt":"2020-11-14T17:33:07","slug":"balance-de-reunion-de-comision-directiva-febrero-2019","status":"publish","type":"post","link":"https:\/\/magistradoscorrientes.com\/magistrados\/balance-de-reunion-de-comision-directiva-febrero-2019\/","title":{"rendered":"Balance de reuni\u00f3n de Comisi\u00f3n Directiva \u2013 Febrero 2019"},"content":{"rendered":"\n<p>El pasado s\u00e1bado 23 de febrero se llev\u00f3 a cabo la primera reuni\u00f3n de Comisi\u00f3n Directiva del a\u00f1o 2019 encabezada por la presidente del Colegio, Dra. Luz Gabriela Masferrer, y con la participaci\u00f3n de vocales titulares y suplentes representantes de la Primera, Segunda y Quinta Circunscripci\u00f3n.<\/p>\n\n\n\n<p>El encuentro dio inicio con los temas planteados por asociados del interior que fueron receptados por la Comisi\u00f3n Directiva a fin de realizar las peticiones correspondientes: refuerzo de profesionales y personal para Servicio Social Forense y Oficina de Notificaciones en Santo Tom\u00e9, y psic\u00f3logo en Virasoro, relatores en los fueros laboral en Esquina y Contencioso Administrativo en Goya, puesta en marcha de la C\u00e1mara Gesell en Ituzaing\u00f3 y de los nuevos juzgados de Familia creados en Santo Tom\u00e9 y Esquina, entre otros.<\/p>\n\n\n\n<p>Por otra parte, se plantearon cuestiones referidas a subrogaciones e integraci\u00f3n de sentencias en casos de menores en el interior de la provincia, cuando deben intervenir jueces de otra localidad.<\/p>\n\n\n\n<p>Continuando con el Orden del D\u00eda, en el informe de Presidencia, la Dra. Masferrer dio a conocer las acciones y gestiones llevadas a cabo por el Colegio. Entre ellas destac\u00f3 la solicitud de recomposici\u00f3n salarial remitida al Superior Tribunal de Justicia, como as\u00ed tambi\u00e9n el pedido de audiencia al Alto Cuerpo, para lo cual, los presentes sugirieron diversos temas a modo de conformaci\u00f3n de un temario. Tambi\u00e9n fijaron temas a trabajar seg\u00fan lo conversado con el Sr. Gobernador en la reuni\u00f3n de diciembre pasado.<\/p>\n\n\n\n<p>Adem\u00e1s, se hizo saber a los presentes que se pidi\u00f3 audiencia con el Sr. Fiscal General C\u00e9sar Sotelo, la que ya fue concedida, resaltando que fue un encuentro positivo en el que se trataron diversos temas propios del Ministerio P\u00fablico y generales de toda la organizaci\u00f3n judicial.&nbsp;<\/p>\n\n\n\n<p>Por otra parte, la Dra. Masferrer coment\u00f3 sobre las diversas gestiones realizadas por la Comisi\u00f3n Directiva en las reuniones de los d\u00edas martes a las 19 Hs. en la sede del Colegio, y record\u00f3 que se trata de encuentros abiertos a la participaci\u00f3n de todos los asociados que deseen acercarse para plantear inquietudes, observaciones o realizar alg\u00fan aporte.<\/p>\n\n\n\n<p>En cuanto a las actividades programadas para el 2019, la Presidente enumer\u00f3 las jornadas organizadas por la FAM y por el Colegio, quedando establecido el siguiente cronograma:<\/p>\n\n\n\n<p><em>13 de marzo: Jornada Taller: \u201cGesti\u00f3n de la Oficina Judicial con Inteligencia Emocional\u201d \u2013 17 Hs. Sede del Colegio de Magistrados \u2013 Organiza: AMJA.<br>11 al 13 de abril: Jornadas Deportivas de FAM \u2013 Mar del Plata.<br>28 de abril al 1 de mayo: 68\u00b0 Asamblea de la Federaci\u00f3n Latinoamericana de Magistrados \u2013 Buenos Aires.<br>Mayo: Seminario \u201cGesti\u00f3n de trabajos en equipo e inteligencia artificial y negociaciones en situaciones complejas\u201d \u2013 en el Colegio de Magistrados de Corrientes. FAM organiza tres seminarios que ser\u00e1n dictados en distintas ciudades, la primera de ellas ser\u00e1 Corrientes, en la Sede del Colegio en fecha a confirmar.<br>13 y 14 de junio: Jornadas Cient\u00edficas de la Magistratura \u2013 Buenos Aires.<br>12 y 13 de septiembre: Congreso Nacional de Secretarios \u2013 Ushuaia.&nbsp;<\/em><\/p>\n\n\n\n<p>Continuando con las propuestas acad\u00e9micas, la Dra. Masferrer anticip\u00f3 que este a\u00f1o la FAM brindar\u00e1 tambi\u00e9n cursos online ofrecidos por San Crist\u00f3bal Seguros, los que se sumar\u00e1n a los ofrecidos en conjunto con la FLACSO, y resalt\u00f3 que -a trav\u00e9s de la Federaci\u00f3n- se cuenta con becas para los asociados para cursos de Litigaci\u00f3n Oral \u2013organizado por ADEPRA- y para la Maestr\u00eda en Magistratura de la Universidad Austral.<\/p>\n\n\n\n<p>En cuanto a propuestas acad\u00e9micas a nivel local, la Comisi\u00f3n Directiva aprob\u00f3 la realizaci\u00f3n de un curso de Gesti\u00f3n Judicial a cargo del profesor Ulises Abarza en el Colegio, respecto del cual se adelant\u00f3 que tendr\u00e1 lugar los d\u00edas s\u00e1bados -en fechas a confirmar- y el temario comprender\u00e1 innovaci\u00f3n liberadora, liderazgo, entre otros.<\/p>\n\n\n\n<p>Tambi\u00e9n fue aprobada la realizaci\u00f3n de talleres Antiestr\u00e9s para Magistrados y Funcionarios tanto en Capital como en el interior de la provincia. Los mismos contin\u00faan en el marco del programa que el Colegio encar\u00f3 el a\u00f1o pasado para trabajar el conflicto en las oficinas y el estr\u00e9s laboral en los operadores judiciales. Ser\u00e1n jornadas de trabajo de cuatro horas y ser\u00e1n dictadas por el equipo de la consultora laboral Caproser, en las cabeceras de circunscripci\u00f3n.<\/p>\n\n\n\n<p>En otro orden de temas, y a propuesta de la Dra. Mirtha Ram\u00edrez Barrios, la Comisi\u00f3n aprob\u00f3 convocar una reuni\u00f3n de trabajo con autoridades del COPNAF con integrantes de las Defensor\u00edas y Asesor\u00edas de Menores e Incapaces. Se fij\u00f3 como fecha de realizaci\u00f3n del dicho encuentro el d\u00eda lunes 11 de marzo a las 18 Hs. A ese efecto, y a fin de poder recopilar las necesidades que se tienen en el interior con respecto a COPNAF, se determin\u00f3 solicitar a todos los asociados que env\u00eden sus inquietudes y necesidades relacionadas a este tema al Colegio \u2013con la mayor brevedad&nbsp; posible- para elaborar un diagn\u00f3stico de la situaci\u00f3n y analizar cursos de acci\u00f3n o propuestas. Los aportes deben ser remitidos al correo:secretariacolegiomagistrados@gmail.com.<\/p>\n\n\n\n<p>Finalmente, en la reuni\u00f3n se comentaron los nuevos convenios incorporados a la cartilla de beneficios y la Dra. Masferrer coment\u00f3 la intenci\u00f3n del Colegio de avanzar en la ampliaci\u00f3n del terreno por Ruta 12 que fue adquirido para la construcci\u00f3n de una nueva sede social institucional, mencionando la oferta de venta efectuada por la propietaria lindera, tras lo cual se resolvi\u00f3 consultar precio en inmobiliarias del medio a fin de evaluar la propuesta cursada.<\/p>\n","protected":false},"excerpt":{"rendered":"<p>El pasado s\u00e1bado 23 de febrero se llev\u00f3 a cabo la primera reuni\u00f3n de Comisi\u00f3n Directiva del a\u00f1o 2019 encabezada por la presidente del Colegio, Dra. Luz Gabriela Masferrer, y con la participaci\u00f3n de vocales titulares y suplentes representantes de la Primera, Segunda y Quinta Circunscripci\u00f3n. El encuentro dio inicio con los temas planteados por asociados del interior que fueron [&hellip;]<\/p>\n","protected":false},"author":1,"featured_media":3972,"comment_status":"closed","ping_status":"open","sticky":false,"template":"","format":"standard","meta":{"ngg_post_thumbnail":0},"categories":[13],"tags":[],"_links":{"self":[{"href":"https:\/\/magistradoscorrientes.com\/magistrados\/wp-json\/wp\/v2\/posts\/3959"}],"collection":[{"href":"https:\/\/magistradoscorrientes.com\/magistrados\/wp-json\/wp\/v2\/posts"}],"about":[{"href":"https:\/\/magistradoscorrientes.com\/magistrados\/wp-json\/wp\/v2\/types\/post"}],"author":[{"embeddable":true,"href":"https:\/\/magistradoscorrientes.com\/magistrados\/wp-json\/wp\/v2\/users\/1"}],"replies":[{"embeddable":true,"href":"https:\/\/magistradoscorrientes.com\/magistrados\/wp-json\/wp\/v2\/comments?post=3959"}],"version-history":[{"count":1,"href":"https:\/\/magistradoscorrientes.com\/magistrados\/wp-json\/wp\/v2\/posts\/3959\/revisions"}],"predecessor-version":[{"id":3973,"href":"https:\/\/magistradoscorrientes.com\/magistrados\/wp-json\/wp\/v2\/posts\/3959\/revisions\/3973"}],"wp:featuredmedia":[{"embeddable":true,"href":"https:\/\/magistradoscorrientes.com\/magistrados\/wp-json\/wp\/v2\/media\/3972"}],"wp:attachment":[{"href":"https:\/\/magistradoscorrientes.com\/magistrados\/wp-json\/wp\/v2\/media?parent=3959"}],"wp:term":[{"taxonomy":"category","embeddable":true,"href":"https:\/\/magistradoscorrientes.com\/magistrados\/wp-json\/wp\/v2\/categories?post=3959"},{"taxonomy":"post_tag","embeddable":true,"href":"https:\/\/magistradoscorrientes.com\/magistrados\/wp-json\/wp\/v2\/tags?post=3959"}],"curies":[{"name":"wp","href":"https:\/\/api.w.org\/{rel}","templated":true}]}}