{"id":3960,"date":"2019-02-18T13:44:36","date_gmt":"2019-02-18T16:44:36","guid":{"rendered":"http:\/\/magistradoscorrientes.com\/magistrados\/?p=3960"},"modified":"2020-11-14T14:33:59","modified_gmt":"2020-11-14T17:33:59","slug":"la-comision-directiva-se-reunio-con-el-fiscal-general-dr-cesar-sotelo","status":"publish","type":"post","link":"https:\/\/magistradoscorrientes.com\/magistrados\/la-comision-directiva-se-reunio-con-el-fiscal-general-dr-cesar-sotelo\/","title":{"rendered":"La Comisi\u00f3n Directiva se reuni\u00f3 con el Fiscal General, Dr. C\u00e9sar Sotelo"},"content":{"rendered":"\n<p>La Comisi\u00f3n Directiva del Colegio de Magistrados, encabezada por la presidente, Dra. Luz Gabriela Masferrer, fue recibida este lunes 18 de febrero por el Fiscal General, Dr. C\u00e9sar Sotelo. En el encuentro se plante\u00f3 la necesidad de coordinar acciones en vistas a optimizar el funcionamiento de la Justicia, evitar situaciones de conflictos en las oficinas y mejorar el trabajo vinculado a otras instituciones como el COPNAF.<\/p>\n\n\n\n<p>Participaron, la Secretaria Letrada de la Fiscal\u00eda General, doctora Rita Pernizza, y por el Colegio los doctores Horacio Pisarello, Diego Roberto Nu\u00f1ez H\u00fcel, Carolina Vega Curi, Mirtha Ram\u00edrez Barrios y Gloria Liliana Pasetto.<\/p>\n\n\n\n<p>En la ocasi\u00f3n, los representantes del Colegio presentaron la conformaci\u00f3n de la nueva Comisi\u00f3n Directiva para fortalecer el di\u00e1logo con la Fiscal\u00eda General a fin de encarar actividades y acciones coordinadas en beneficio del funcionamiento de la actividad judicial. Tambi\u00e9n se abord\u00f3 la problem\u00e1tica de los conflictos en las oficinas, comentando la necesidad de enfocarse en la prevenci\u00f3n, oportunidad en la que los magistrados mencionaron un plan que encarar\u00e1n en tal sentido.&nbsp;<\/p>\n\n\n\n<p>En otro punto, se habl\u00f3 del funcionamiento y el v\u00ednculo del Poder Judicial con el Consejo Provincial de Ni\u00f1ez, Adolescencia y Familia (COPNAF). Se realizaron aportes con el objetivo de fortalecer los v\u00ednculos con ese organismo y optimizar el trabajo conjunto, lo que cont\u00f3 con el total apoyo del Sr. Fiscal General.<\/p>\n","protected":false},"excerpt":{"rendered":"<p>La Comisi\u00f3n Directiva del Colegio de Magistrados, encabezada por la presidente, Dra. Luz Gabriela Masferrer, fue recibida este lunes 18 de febrero por el Fiscal General, Dr. C\u00e9sar Sotelo. En el encuentro se plante\u00f3 la necesidad de coordinar acciones en vistas a optimizar el funcionamiento de la Justicia, evitar situaciones de conflictos en las oficinas y mejorar el trabajo vinculado [&hellip;]<\/p>\n","protected":false},"author":1,"featured_media":3974,"comment_status":"closed","ping_status":"open","sticky":false,"template":"","format":"standard","meta":{"ngg_post_thumbnail":0},"categories":[13],"tags":[],"_links":{"self":[{"href":"https:\/\/magistradoscorrientes.com\/magistrados\/wp-json\/wp\/v2\/posts\/3960"}],"collection":[{"href":"https:\/\/magistradoscorrientes.com\/magistrados\/wp-json\/wp\/v2\/posts"}],"about":[{"href":"https:\/\/magistradoscorrientes.com\/magistrados\/wp-json\/wp\/v2\/types\/post"}],"author":[{"embeddable":true,"href":"https:\/\/magistradoscorrientes.com\/magistrados\/wp-json\/wp\/v2\/users\/1"}],"replies":[{"embeddable":true,"href":"https:\/\/magistradoscorrientes.com\/magistrados\/wp-json\/wp\/v2\/comments?post=3960"}],"version-history":[{"count":1,"href":"https:\/\/magistradoscorrientes.com\/magistrados\/wp-json\/wp\/v2\/posts\/3960\/revisions"}],"predecessor-version":[{"id":3975,"href":"https:\/\/magistradoscorrientes.com\/magistrados\/wp-json\/wp\/v2\/posts\/3960\/revisions\/3975"}],"wp:featuredmedia":[{"embeddable":true,"href":"https:\/\/magistradoscorrientes.com\/magistrados\/wp-json\/wp\/v2\/media\/3974"}],"wp:attachment":[{"href":"https:\/\/magistradoscorrientes.com\/magistrados\/wp-json\/wp\/v2\/media?parent=3960"}],"wp:term":[{"taxonomy":"category","embeddable":true,"href":"https:\/\/magistradoscorrientes.com\/magistrados\/wp-json\/wp\/v2\/categories?post=3960"},{"taxonomy":"post_tag","embeddable":true,"href":"https:\/\/magistradoscorrientes.com\/magistrados\/wp-json\/wp\/v2\/tags?post=3960"}],"curies":[{"name":"wp","href":"https:\/\/api.w.org\/{rel}","templated":true}]}}