{"id":3979,"date":"2019-01-23T14:35:00","date_gmt":"2019-01-23T17:35:00","guid":{"rendered":"http:\/\/magistradoscorrientes.com\/magistrados\/?p=3979"},"modified":"2020-11-14T14:36:35","modified_gmt":"2020-11-14T17:36:35","slug":"autoridades-de-fam-y-jufejus-fueron-recibidas-por-el-ministro-garavano","status":"publish","type":"post","link":"https:\/\/magistradoscorrientes.com\/magistrados\/autoridades-de-fam-y-jufejus-fueron-recibidas-por-el-ministro-garavano\/","title":{"rendered":"Autoridades de FAM y JUFEJUS fueron recibidas por el Ministro Garavano"},"content":{"rendered":"\n<p>Autoridades de FAM y JUFEJUS se reunieron este jueves con el Ministro de Justicia de la Naci\u00f3n, Germ\u00e1n Garavano, donde analizaron el desarrollo de hechos que el a\u00f1o pasado derivaron en la conclusi\u00f3n del acuerdo que el Ministerio celebr\u00f3 con la Asociaci\u00f3n de Magistrados y Funcionarios de la Justicia Nacional.<br>En la ocasi\u00f3n, FAM expuso las conclusiones y l\u00edneas de acci\u00f3n determinadas en las reuniones de Junta de Gobierno. Entre ellas, se mencionaron la vigencia de la intangibilidad como garant\u00eda de la independencia y la preservaci\u00f3n de la carrera judicial, como as\u00ed tambi\u00e9n la no conclusi\u00f3n del tema para la Federaci\u00f3n que sigue sosteniendo la observancia de dichos principios.<br>Por su parte, JUFEJUS aval\u00f3 la autonom\u00eda de cada Corte o Superior Tribunal para reglamentar las cuestiones referidas a esta materia.<br>El presidente de FAM, Dr. Ariel Ariza, se\u00f1al\u00f3 que \u201cde resultas del encuentro seguir\u00e1n los intercambios con JUFEJUS a fin de conocer los criterios que puedan adoptarse por las Corte y Superiores Tribunales estando atentos y monitoreando cualquier reglamentaci\u00f3n que pueda surgir en cada provincia\u201d.<\/p>\n","protected":false},"excerpt":{"rendered":"<p>Autoridades de FAM y JUFEJUS se reunieron este jueves con el Ministro de Justicia de la Naci\u00f3n, Germ\u00e1n Garavano, donde analizaron el desarrollo de hechos que el a\u00f1o pasado derivaron en la conclusi\u00f3n del acuerdo que el Ministerio celebr\u00f3 con la Asociaci\u00f3n de Magistrados y Funcionarios de la Justicia Nacional.En la ocasi\u00f3n, FAM expuso las conclusiones y l\u00edneas de acci\u00f3n [&hellip;]<\/p>\n","protected":false},"author":1,"featured_media":3988,"comment_status":"closed","ping_status":"open","sticky":false,"template":"","format":"standard","meta":{"ngg_post_thumbnail":0},"categories":[13],"tags":[],"_links":{"self":[{"href":"https:\/\/magistradoscorrientes.com\/magistrados\/wp-json\/wp\/v2\/posts\/3979"}],"collection":[{"href":"https:\/\/magistradoscorrientes.com\/magistrados\/wp-json\/wp\/v2\/posts"}],"about":[{"href":"https:\/\/magistradoscorrientes.com\/magistrados\/wp-json\/wp\/v2\/types\/post"}],"author":[{"embeddable":true,"href":"https:\/\/magistradoscorrientes.com\/magistrados\/wp-json\/wp\/v2\/users\/1"}],"replies":[{"embeddable":true,"href":"https:\/\/magistradoscorrientes.com\/magistrados\/wp-json\/wp\/v2\/comments?post=3979"}],"version-history":[{"count":1,"href":"https:\/\/magistradoscorrientes.com\/magistrados\/wp-json\/wp\/v2\/posts\/3979\/revisions"}],"predecessor-version":[{"id":3989,"href":"https:\/\/magistradoscorrientes.com\/magistrados\/wp-json\/wp\/v2\/posts\/3979\/revisions\/3989"}],"wp:featuredmedia":[{"embeddable":true,"href":"https:\/\/magistradoscorrientes.com\/magistrados\/wp-json\/wp\/v2\/media\/3988"}],"wp:attachment":[{"href":"https:\/\/magistradoscorrientes.com\/magistrados\/wp-json\/wp\/v2\/media?parent=3979"}],"wp:term":[{"taxonomy":"category","embeddable":true,"href":"https:\/\/magistradoscorrientes.com\/magistrados\/wp-json\/wp\/v2\/categories?post=3979"},{"taxonomy":"post_tag","embeddable":true,"href":"https:\/\/magistradoscorrientes.com\/magistrados\/wp-json\/wp\/v2\/tags?post=3979"}],"curies":[{"name":"wp","href":"https:\/\/api.w.org\/{rel}","templated":true}]}}