{"id":3982,"date":"2018-12-19T14:35:22","date_gmt":"2018-12-19T17:35:22","guid":{"rendered":"http:\/\/magistradoscorrientes.com\/magistrados\/?p=3982"},"modified":"2020-11-14T14:39:52","modified_gmt":"2020-11-14T17:39:52","slug":"reunion-con-el-senador-provincial-noel-breard","status":"publish","type":"post","link":"https:\/\/magistradoscorrientes.com\/magistrados\/reunion-con-el-senador-provincial-noel-breard\/","title":{"rendered":"Reuni\u00f3n con el Senador Provincial Noel Breard"},"content":{"rendered":"\n<p>La presidente del Colegio, Dra. Luz Gbriela Masferrer, acompa\u00f1ada por los miembros de Comisi\u00f3n Directiva, Dres. Diego N\u00fa\u00f1ez Huel y Beatriz R\u00edos Brisco, visitaron al Senador Eugenio Noel Breard, a fin de consultar y agilizar los proyectos legislativos pendientes destacanto especialmente el de desdoblamiento de juzgados civiles que fue presentado por el Colegio de Magistrados y Funcionarios del Poder Judicial.<br>Adem\u00e1s, en el encuentro se habl\u00f3 del estado y situaci\u00f3n de otros proyectos de c\u00f3digos procesales respecto de los cuales el Colegio fue consultado para emitir opini\u00f3n, como ser los casos de los C\u00f3digos Laboral y de Familia. Tambi\u00e9n se dialog\u00f3sobre las posibilidades reales de sanci\u00f3n del C\u00f3digo Procesal Penal en el pr\u00f3ximo per\u00edodo legislativo.<br>Los presentes, quedaron comprometidos a trabajar de manera colaborativa de cara al pr\u00f3ximo a\u00f1o para continuar brindando aportes y enriqueciendo los diferentes proyectos que ata\u00f1en a la funci\u00f3n judicial.<\/p>\n","protected":false},"excerpt":{"rendered":"<p>La presidente del Colegio, Dra. Luz Gbriela Masferrer, acompa\u00f1ada por los miembros de Comisi\u00f3n Directiva, Dres. Diego N\u00fa\u00f1ez Huel y Beatriz R\u00edos Brisco, visitaron al Senador Eugenio Noel Breard, a fin de consultar y agilizar los proyectos legislativos pendientes destacanto especialmente el de desdoblamiento de juzgados civiles que fue presentado por el Colegio de Magistrados y Funcionarios del Poder Judicial.Adem\u00e1s, [&hellip;]<\/p>\n","protected":false},"author":1,"featured_media":3994,"comment_status":"closed","ping_status":"open","sticky":false,"template":"","format":"standard","meta":{"ngg_post_thumbnail":0},"categories":[13],"tags":[],"_links":{"self":[{"href":"https:\/\/magistradoscorrientes.com\/magistrados\/wp-json\/wp\/v2\/posts\/3982"}],"collection":[{"href":"https:\/\/magistradoscorrientes.com\/magistrados\/wp-json\/wp\/v2\/posts"}],"about":[{"href":"https:\/\/magistradoscorrientes.com\/magistrados\/wp-json\/wp\/v2\/types\/post"}],"author":[{"embeddable":true,"href":"https:\/\/magistradoscorrientes.com\/magistrados\/wp-json\/wp\/v2\/users\/1"}],"replies":[{"embeddable":true,"href":"https:\/\/magistradoscorrientes.com\/magistrados\/wp-json\/wp\/v2\/comments?post=3982"}],"version-history":[{"count":1,"href":"https:\/\/magistradoscorrientes.com\/magistrados\/wp-json\/wp\/v2\/posts\/3982\/revisions"}],"predecessor-version":[{"id":3995,"href":"https:\/\/magistradoscorrientes.com\/magistrados\/wp-json\/wp\/v2\/posts\/3982\/revisions\/3995"}],"wp:featuredmedia":[{"embeddable":true,"href":"https:\/\/magistradoscorrientes.com\/magistrados\/wp-json\/wp\/v2\/media\/3994"}],"wp:attachment":[{"href":"https:\/\/magistradoscorrientes.com\/magistrados\/wp-json\/wp\/v2\/media?parent=3982"}],"wp:term":[{"taxonomy":"category","embeddable":true,"href":"https:\/\/magistradoscorrientes.com\/magistrados\/wp-json\/wp\/v2\/categories?post=3982"},{"taxonomy":"post_tag","embeddable":true,"href":"https:\/\/magistradoscorrientes.com\/magistrados\/wp-json\/wp\/v2\/tags?post=3982"}],"curies":[{"name":"wp","href":"https:\/\/api.w.org\/{rel}","templated":true}]}}