{"id":3983,"date":"2018-12-18T14:35:25","date_gmt":"2018-12-18T17:35:25","guid":{"rendered":"http:\/\/magistradoscorrientes.com\/magistrados\/?p=3983"},"modified":"2020-11-14T14:41:55","modified_gmt":"2020-11-14T17:41:55","slug":"el-colegio-de-magistrados-aprobo-balances-y-renovo-autoridades","status":"publish","type":"post","link":"https:\/\/magistradoscorrientes.com\/magistrados\/el-colegio-de-magistrados-aprobo-balances-y-renovo-autoridades\/","title":{"rendered":"El Colegio de Magistrados aprob\u00f3 balances y renov\u00f3 autoridades"},"content":{"rendered":"\n<p>El Colegio de Magistrados y Funcionarios del Poder Judicial de Corrientes llev\u00f3 a cabo el s\u00e1bado su Asamblea General Ordinaria en la que se aprobaron la Memoria, Inventario y Estados Contables correspondientes al Ejercicio econ\u00f3mico financiero N\u00b0 38, y donde asumi\u00f3 la nueva Comisi\u00f3n Directiva para 2018 \u2013 2020. Por tercer per\u00edodo consecutivo, la Dra. Luz Gabriela Masferrer contin\u00faa en la Presidencia, en esta oportunidad, secundada por el Dr. Eugenio Balbastro \u2013vicepresidente primero- y la Dra. Teresa Oria \u2013vicepresidente segunda-.<\/p>\n\n\n\n<p>En la sede de calle Buenos Aires 780, se realiz\u00f3 la asamblea anual con la participaci\u00f3n de asociados de toda la provincia. En la ocasi\u00f3n, la Presidente, realiz\u00f3 una exposici\u00f3n sobre el trabajo realizado durante el a\u00f1o destacando gestiones ante el Superior Tribunal de Justicia, y el trabajo vinculado con el poder Legislativo, ministerios como de Seguridad y Desarrollo Social, y organismos del Ejecutivo provincial.<\/p>\n\n\n\n<p>En su presentaci\u00f3n, Masferrer coment\u00f3 acerca de las distintas acciones emprendidas por el Colegio, destacando el proyecto de ley presentado ante el Senado de la Provincia que propone el desdoblamiento de los juzgados civiles de la Capital. Por otra parte, resalt\u00f3 las diversas actividades de capacitaci\u00f3n realizadas durante el \u00faltimo a\u00f1o por el Colegio -como las de Justicia de Paz, \u00c9tica y Comunicaci\u00f3n- y las jornadas Antiestr\u00e9s. Adem\u00e1s, relat\u00f3 las acciones de formaci\u00f3n llevadas a cabo en conjunto con otras instituciones como AMJA, Club de Litigaci\u00f3n, Adepra, destacando especialmente la labor integrada con otros colegios y asociaciones del pa\u00eds, mediante la Federaci\u00f3n Argentina de la Magistratura -FAM-.<\/p>\n\n\n\n<p>La Presidente se\u00f1al\u00f3 tambi\u00e9n las distintas gestiones y mejoras que se han realizado en beneficio de los asociados como la elevaci\u00f3n de los subsidios, la firma de nuevos convenios, los arreglos en la sede del Colegio, la ampliaci\u00f3n del quincho y la adquisici\u00f3n de nuevo equipamiento.<\/p>\n\n\n\n<p>P\u00e1rrafo especial tuvo el trabajo realizado desde la Comisi\u00f3n Directiva en las distintas reuniones que se realizaron tanto en Capital como en el interior. En este marco, anunci\u00f3 que el a\u00f1o pr\u00f3ximo continuar\u00e1 la modalidad de \u201cColegio Itinerante\u201d con la cual las autoridades visitan el interior para mantener reuniones con los asociados y escuchar los diversos planteos y situaciones que se dan, a fin de acompa\u00f1arlos con gestiones para solucionarlos.<\/p>\n\n\n\n<p>Al finalizar la asamblea, se despidi\u00f3 con un especial agradecimiento a los miembros de Comisi\u00f3n Directiva del per\u00edodo 2016-2018 y se dio un reconocimiento a los nuevos asociados y a quienes fueron ascendidos en sus cargos durante el \u00faltimo a\u00f1o. Luego, las flamantes autoridades del Colegio tomaron posesi\u00f3n del cargo, quedando conformada la n\u00f3mina de la siguiente manera: presidente: Dra. Luz Masferrer; vicepresidente Primero: Dr. Eugenio Balbastro; vicepresidente Segundo: Dra. Teresa Oria; secretario General: Dr. Horacio Pisarello; tesorero: Dr. Diego N\u00fa\u00f1ez Huel; protesorera: Dra. Mirtha Ram\u00edrez Barrios; secretaria de Actas: Dra. Carolina Vega Curi; y prosecretario de Actas: Dr. Oscar Dubrez. En tanto que los vocales titulares son: Dra. Mar\u00eda Mercedes Sosa; Dr. Roberto Ulises Candas; Dr. Mario Segovia Aguirrez; Dra. Mar\u00eda Florencia Esp\u00edndola; Dr. Arsenio Eduardo Moreyra y Dra. Marcela S\u00e1nchez Peralta.<\/p>\n\n\n\n<p>Acompa\u00f1aron el acto los Sres. Ministros del Superior Tribunal de Justicia, Dres. Luis Eduardo Rey V\u00e1zquez y Eduardo Panseri, Presidente y Vice-presidente a partir del pr\u00f3ximo a\u00f1o.<\/p>\n\n\n\n<p>La Dra. Masferrer agradeci\u00f3 el respaldo de los asociados a la gesti\u00f3n y la confianza depositada, una vez m\u00e1s, en el equipo de conducci\u00f3n del Colegio. \u201cEsperamos cubrir las expectativas con el trabajo y compromiso de siempre, hoy renovado con los nuevos valores incorporados a los \u00f3rganos asociativos\u201d. Asimismo, la presidente destac\u00f3 la labor de quienes han acompa\u00f1ado durante el periodo anterior \u201cpor las iniciativas y los esfuerzos que redundaron en beneficio de todos\u201d.<\/p>\n\n\n\n<p>Tras el desarrollo del encuentro, los asociados presentes compartieron un lunch de camarader\u00eda por el fin de a\u00f1o.<\/p>\n","protected":false},"excerpt":{"rendered":"<p>El Colegio de Magistrados y Funcionarios del Poder Judicial de Corrientes llev\u00f3 a cabo el s\u00e1bado su Asamblea General Ordinaria en la que se aprobaron la Memoria, Inventario y Estados Contables correspondientes al Ejercicio econ\u00f3mico financiero N\u00b0 38, y donde asumi\u00f3 la nueva Comisi\u00f3n Directiva para 2018 \u2013 2020. Por tercer per\u00edodo consecutivo, la Dra. Luz Gabriela Masferrer contin\u00faa en [&hellip;]<\/p>\n","protected":false},"author":1,"featured_media":3996,"comment_status":"closed","ping_status":"open","sticky":false,"template":"","format":"standard","meta":{"ngg_post_thumbnail":0},"categories":[13],"tags":[],"_links":{"self":[{"href":"https:\/\/magistradoscorrientes.com\/magistrados\/wp-json\/wp\/v2\/posts\/3983"}],"collection":[{"href":"https:\/\/magistradoscorrientes.com\/magistrados\/wp-json\/wp\/v2\/posts"}],"about":[{"href":"https:\/\/magistradoscorrientes.com\/magistrados\/wp-json\/wp\/v2\/types\/post"}],"author":[{"embeddable":true,"href":"https:\/\/magistradoscorrientes.com\/magistrados\/wp-json\/wp\/v2\/users\/1"}],"replies":[{"embeddable":true,"href":"https:\/\/magistradoscorrientes.com\/magistrados\/wp-json\/wp\/v2\/comments?post=3983"}],"version-history":[{"count":1,"href":"https:\/\/magistradoscorrientes.com\/magistrados\/wp-json\/wp\/v2\/posts\/3983\/revisions"}],"predecessor-version":[{"id":3997,"href":"https:\/\/magistradoscorrientes.com\/magistrados\/wp-json\/wp\/v2\/posts\/3983\/revisions\/3997"}],"wp:featuredmedia":[{"embeddable":true,"href":"https:\/\/magistradoscorrientes.com\/magistrados\/wp-json\/wp\/v2\/media\/3996"}],"wp:attachment":[{"href":"https:\/\/magistradoscorrientes.com\/magistrados\/wp-json\/wp\/v2\/media?parent=3983"}],"wp:term":[{"taxonomy":"category","embeddable":true,"href":"https:\/\/magistradoscorrientes.com\/magistrados\/wp-json\/wp\/v2\/categories?post=3983"},{"taxonomy":"post_tag","embeddable":true,"href":"https:\/\/magistradoscorrientes.com\/magistrados\/wp-json\/wp\/v2\/tags?post=3983"}],"curies":[{"name":"wp","href":"https:\/\/api.w.org\/{rel}","templated":true}]}}