{"id":3984,"date":"2018-12-18T14:35:31","date_gmt":"2018-12-18T17:35:31","guid":{"rendered":"http:\/\/magistradoscorrientes.com\/magistrados\/?p=3984"},"modified":"2020-11-14T14:43:15","modified_gmt":"2020-11-14T17:43:15","slug":"la-comision-directiva-del-colegio-se-reunio-con-el-gobernador-valdes","status":"publish","type":"post","link":"https:\/\/magistradoscorrientes.com\/magistrados\/la-comision-directiva-del-colegio-se-reunio-con-el-gobernador-valdes\/","title":{"rendered":"La Comisi\u00f3n Directiva del Colegio se reuni\u00f3 con el Gobernador Vald\u00e9s"},"content":{"rendered":"\n<p>En el marco de una visita institucional, la flamante Comisi\u00f3n Directiva del Colegio de Magistrados fue recibida ayer a la ma\u00f1ana por el Gobernador de la provincia, Dr. Gustavo Adolfo Vald\u00e9s, para dialogar en torno a diferentes temas y apuntar a un trabajo articulado y conjunto, con el fin de mejorar el servicio a la ciudadan\u00eda.<\/p>\n\n\n\n<p>En respuesta a una audiencia solicitada meses atr\u00e1s por parte del Colegio \u2013que por motivos de agenda fue reiteradas veces pospuesta-, la nueva Comisi\u00f3n Directiva concret\u00f3 la visita en la que se presentaron las recientemente asumidas autoridades, comentando los objetivos, la conformaci\u00f3n y el funcionamiento del Colegio.<\/p>\n\n\n\n<p>En la oportunidad, los magistrados dialogaron respecto a la relaci\u00f3n entre organismos dependientes del Ejecutivo y el sistema judicial, como ser Ministerio de Seguridad, Desarrollo Social, Salud, etc\u00e9tera. Se destac\u00f3 la necesidad de trabajar de manera articulada con el Consejo Provincial de Ni\u00f1ez, Adolescencia y Familia (COPNAF) y de aceitar mecanismos de funcionamiento \u2013principalmente en el interior de la provincia-, para dar mejores respuestas. Desde el Colegio se ofreci\u00f3 la sede, recursos y esfuerzo institucional para llevar a cabo las tareas de capacitaci\u00f3n que sean necesarias destinadas al personal de los distintos organismos ejecutivos y avanzar as\u00ed en mejoras constantes en el servicio al justiciable.<br>Por otra parte, manifestaron la voluntad de participar en el dise\u00f1o de pol\u00edticas institucionales relacionadas con el sistema judicial, a fin de definir un modelo de organizaci\u00f3n, con una visi\u00f3n general de necesidades en toda la Provincia y optimizaci\u00f3n de recursos. En ese sentido, comentaron el proyecto de desdoblamiento de juzgados civiles de la Capital propiciado por el Colegio, como posibilidad para aumentar la cantidad de organismos decisores, sin mayores erogaciones.<br>Tambi\u00e9n expresaron la necesidad de contar con las herramientas legislativas necesarias para la agilizaci\u00f3n de causas, solicitando decisi\u00f3n pol\u00edtica para la sanci\u00f3n del C\u00f3digo Procesal Penal y de otros c\u00f3digos de procedimiento que est\u00e1n siendo objeto de estudio en la Legislatura Provincial. En ese orden, el Colegio se puso a disposici\u00f3n para colaborar en la implementaci\u00f3n de las reformas legislativas, brindando el conocimiento que se tiene desde la funci\u00f3n judicial.<br>Desde la Comisi\u00f3n Directiva se destac\u00f3 que la reuni\u00f3n muy positiva en la que hubo muy buena predisposici\u00f3n y entendimiento de ambas partes, acordando trabajar en conjunto en una lista de acciones inmediatas.<\/p>\n","protected":false},"excerpt":{"rendered":"<p>En el marco de una visita institucional, la flamante Comisi\u00f3n Directiva del Colegio de Magistrados fue recibida ayer a la ma\u00f1ana por el Gobernador de la provincia, Dr. Gustavo Adolfo Vald\u00e9s, para dialogar en torno a diferentes temas y apuntar a un trabajo articulado y conjunto, con el fin de mejorar el servicio a la ciudadan\u00eda. En respuesta a una [&hellip;]<\/p>\n","protected":false},"author":1,"featured_media":3998,"comment_status":"closed","ping_status":"open","sticky":false,"template":"","format":"standard","meta":{"ngg_post_thumbnail":0},"categories":[13],"tags":[],"_links":{"self":[{"href":"https:\/\/magistradoscorrientes.com\/magistrados\/wp-json\/wp\/v2\/posts\/3984"}],"collection":[{"href":"https:\/\/magistradoscorrientes.com\/magistrados\/wp-json\/wp\/v2\/posts"}],"about":[{"href":"https:\/\/magistradoscorrientes.com\/magistrados\/wp-json\/wp\/v2\/types\/post"}],"author":[{"embeddable":true,"href":"https:\/\/magistradoscorrientes.com\/magistrados\/wp-json\/wp\/v2\/users\/1"}],"replies":[{"embeddable":true,"href":"https:\/\/magistradoscorrientes.com\/magistrados\/wp-json\/wp\/v2\/comments?post=3984"}],"version-history":[{"count":1,"href":"https:\/\/magistradoscorrientes.com\/magistrados\/wp-json\/wp\/v2\/posts\/3984\/revisions"}],"predecessor-version":[{"id":3999,"href":"https:\/\/magistradoscorrientes.com\/magistrados\/wp-json\/wp\/v2\/posts\/3984\/revisions\/3999"}],"wp:featuredmedia":[{"embeddable":true,"href":"https:\/\/magistradoscorrientes.com\/magistrados\/wp-json\/wp\/v2\/media\/3998"}],"wp:attachment":[{"href":"https:\/\/magistradoscorrientes.com\/magistrados\/wp-json\/wp\/v2\/media?parent=3984"}],"wp:term":[{"taxonomy":"category","embeddable":true,"href":"https:\/\/magistradoscorrientes.com\/magistrados\/wp-json\/wp\/v2\/categories?post=3984"},{"taxonomy":"post_tag","embeddable":true,"href":"https:\/\/magistradoscorrientes.com\/magistrados\/wp-json\/wp\/v2\/tags?post=3984"}],"curies":[{"name":"wp","href":"https:\/\/api.w.org\/{rel}","templated":true}]}}