{"id":3985,"date":"2018-12-16T14:35:32","date_gmt":"2018-12-16T17:35:32","guid":{"rendered":"http:\/\/magistradoscorrientes.com\/magistrados\/?p=3985"},"modified":"2020-11-14T14:44:19","modified_gmt":"2020-11-14T17:44:19","slug":"el-colegio-de-magistrados-aprobo-balances-y-renovo-autoridades-2","status":"publish","type":"post","link":"https:\/\/magistradoscorrientes.com\/magistrados\/el-colegio-de-magistrados-aprobo-balances-y-renovo-autoridades-2\/","title":{"rendered":"El Colegio de Magistrados aprob\u00f3 balances y renov\u00f3 autoridades"},"content":{"rendered":"\n<p>El Colegio de Magistrados y Funcionarios del Poder Judicial de Corrientes llev\u00f3 a cabo ayer su Asamblea General Ordinaria en la que adem\u00e1s asumieron autoridades para el per\u00edodo 2018 \u2013 2020. Por tercer per\u00edodo consecutivo, la Dra. Luz Gabriela Masferrer contin\u00faa en la Presidencia.<br>En la sede de calle Buenos Aires 780, se realiz\u00f3 en la ma\u00f1ana del s\u00e1bado la asamblea anual con la participaci\u00f3n de asociados de toda la provincia que aprobaron la Memoria, Balance y Estados Contables, correspondientes al ejercicio N\u00b0 38 del Colegio. En la ocasi\u00f3n, la Presidente, realiz\u00f3 una exposici\u00f3n sobre el trabajo realizado durante el a\u00f1o destacando gestiones ante el Superior Tribunal de Justicia, y el trabajo vinculado con el poder Legislativo, ministerios y organismos del Ejecutivo provincial. Adem\u00e1s, se resaltaron las actividades de capacitaci\u00f3n y las diversas acciones llevadas a cabo en beneficio de los asociados, resaltando especialmente la labor integrada con otros colegios y asociaciones del pa\u00eds, mediante la Federaci\u00f3n Argentina de la Magistratura -FAM-.<br>Al finalizar la asamblea, se realiz\u00f3 la toma de posesi\u00f3n de cargos de las nuevas autoridades del Colegio, quedando conformada la n\u00f3mina de Comisi\u00f3n Directiva de la siguiente manera: presidente: Dra. Luz Masferrer; vicepresidente Primero: Dr. Eugenio Balbastro; vicepresidente Segundo: Dra. Teresa Oria; secretario General: Dr. Horacio Pisarello; tesorero: Dr. Diego N\u00fa\u00f1ez Huel; protesorera: Dra. Mirtha Ram\u00edrez Barrios; secretaria de Actas: Dra. Carolina Vega Curi; y prosecretario de Actas: Dr. Oscar Dubrez. En tanto que los vocales titulares son: Dra. Mar\u00eda Mercedes Sosa; Dr. Roberto Ulises Candas; Dr. Mario Segovia Aguirrez; Dra. Mar\u00eda Florencia Esp\u00edndola; Dr. Arsenio Eduardo Moreyra y Dra. Marcela S\u00e1nchez Peralta.<br>Acompa\u00f1aron el acto los Sres. Ministros del Superior Tribunal de Justicia, Dres. Luis Eduardo Rey V\u00e1zquez y Eduardo Panseri (Presidente y Vice-presidente electos).<br>La Dra. Masferrer agradeci\u00f3 el respaldo de los asociados a la gesti\u00f3n y la confianza depositada, una vez m\u00e1s, en el equipo de conducci\u00f3n del Colegio. \u201cEsperamos cubrir las expectativas con el trabajo y compromiso de siempre, hoy renovado con los nuevos valores incorporados a los \u00f3rganos asociativos\u201d. Asimismo, la presidente destac\u00f3 la labor de quienes han acompa\u00f1ado durante el periodo anterior \u201cpor las iniciativas y los esfuerzos que redundaron en beneficio de todos\u201d.<br>Tras el desarrollo del encuentro, los asociados presentes compartieron un lunch de camarader\u00eda por el fin de a\u00f1o.<\/p>\n","protected":false},"excerpt":{"rendered":"<p>El Colegio de Magistrados y Funcionarios del Poder Judicial de Corrientes llev\u00f3 a cabo ayer su Asamblea General Ordinaria en la que adem\u00e1s asumieron autoridades para el per\u00edodo 2018 \u2013 2020. Por tercer per\u00edodo consecutivo, la Dra. Luz Gabriela Masferrer contin\u00faa en la Presidencia.En la sede de calle Buenos Aires 780, se realiz\u00f3 en la ma\u00f1ana del s\u00e1bado la asamblea [&hellip;]<\/p>\n","protected":false},"author":1,"featured_media":4000,"comment_status":"closed","ping_status":"open","sticky":false,"template":"","format":"standard","meta":{"ngg_post_thumbnail":0},"categories":[13],"tags":[],"_links":{"self":[{"href":"https:\/\/magistradoscorrientes.com\/magistrados\/wp-json\/wp\/v2\/posts\/3985"}],"collection":[{"href":"https:\/\/magistradoscorrientes.com\/magistrados\/wp-json\/wp\/v2\/posts"}],"about":[{"href":"https:\/\/magistradoscorrientes.com\/magistrados\/wp-json\/wp\/v2\/types\/post"}],"author":[{"embeddable":true,"href":"https:\/\/magistradoscorrientes.com\/magistrados\/wp-json\/wp\/v2\/users\/1"}],"replies":[{"embeddable":true,"href":"https:\/\/magistradoscorrientes.com\/magistrados\/wp-json\/wp\/v2\/comments?post=3985"}],"version-history":[{"count":1,"href":"https:\/\/magistradoscorrientes.com\/magistrados\/wp-json\/wp\/v2\/posts\/3985\/revisions"}],"predecessor-version":[{"id":4001,"href":"https:\/\/magistradoscorrientes.com\/magistrados\/wp-json\/wp\/v2\/posts\/3985\/revisions\/4001"}],"wp:featuredmedia":[{"embeddable":true,"href":"https:\/\/magistradoscorrientes.com\/magistrados\/wp-json\/wp\/v2\/media\/4000"}],"wp:attachment":[{"href":"https:\/\/magistradoscorrientes.com\/magistrados\/wp-json\/wp\/v2\/media?parent=3985"}],"wp:term":[{"taxonomy":"category","embeddable":true,"href":"https:\/\/magistradoscorrientes.com\/magistrados\/wp-json\/wp\/v2\/categories?post=3985"},{"taxonomy":"post_tag","embeddable":true,"href":"https:\/\/magistradoscorrientes.com\/magistrados\/wp-json\/wp\/v2\/tags?post=3985"}],"curies":[{"name":"wp","href":"https:\/\/api.w.org\/{rel}","templated":true}]}}