{"id":3986,"date":"2018-12-10T14:35:32","date_gmt":"2018-12-10T17:35:32","guid":{"rendered":"http:\/\/magistradoscorrientes.com\/magistrados\/?p=3986"},"modified":"2020-11-14T14:50:48","modified_gmt":"2020-11-14T17:50:48","slug":"comunicado-de-fam-ante-los-ataques-a-tribunales-en-rosalio","status":"publish","type":"post","link":"https:\/\/magistradoscorrientes.com\/magistrados\/comunicado-de-fam-ante-los-ataques-a-tribunales-en-rosalio\/","title":{"rendered":"Comunicado de FAM ante los ataques a Tribunales en Rosalio"},"content":{"rendered":"\n<p>Ante la reiteraci\u00f3n de ataques intimidantes con balaceras a dos dependencia de los Tribunales provinciales en la ciudad de Rosario la Federaci\u00f3n Argentina de la Magistratura y la Funci\u00f3n Judicial expresa su m\u00e1s en\u00e9rgico rechazo frente a actos delictivos que pretenden condicionar la actuaci\u00f3n del Poder Judicial.<\/p>\n\n\n\n<p>La repetici\u00f3n de acciones de esta naturaleza constituye una grave amenaza a la normalidad institucional resultando imprescindible desde todas las \u00e1reas del Estado brindar las condiciones para garantizar el normal ejercicio de la funci\u00f3n.<\/p>\n\n\n\n<p>La FAM hace llegar su solidaridad y acompa\u00f1amiento a quienes integran el Poder Judicial de la Provincia de Santa Fe, reconociendo p\u00fablicamente el compromisso y la entereza que siempre asumen para superar estos hechos.<\/p>\n\n\n\n<p>Ariel Ariza &#8211; Presidente FAM<\/p>\n\n\n\n<p>Omar L\u00f3pez &#8211; Secretario FAM<\/p>\n","protected":false},"excerpt":{"rendered":"<p>Ante la reiteraci\u00f3n de ataques intimidantes con balaceras a dos dependencia de los Tribunales provinciales en la ciudad de Rosario la Federaci\u00f3n Argentina de la Magistratura y la Funci\u00f3n Judicial expresa su m\u00e1s en\u00e9rgico rechazo frente a actos delictivos que pretenden condicionar la actuaci\u00f3n del Poder Judicial. La repetici\u00f3n de acciones de esta naturaleza constituye una grave amenaza a la [&hellip;]<\/p>\n","protected":false},"author":1,"featured_media":4004,"comment_status":"closed","ping_status":"open","sticky":false,"template":"","format":"standard","meta":{"ngg_post_thumbnail":0},"categories":[13],"tags":[],"_links":{"self":[{"href":"https:\/\/magistradoscorrientes.com\/magistrados\/wp-json\/wp\/v2\/posts\/3986"}],"collection":[{"href":"https:\/\/magistradoscorrientes.com\/magistrados\/wp-json\/wp\/v2\/posts"}],"about":[{"href":"https:\/\/magistradoscorrientes.com\/magistrados\/wp-json\/wp\/v2\/types\/post"}],"author":[{"embeddable":true,"href":"https:\/\/magistradoscorrientes.com\/magistrados\/wp-json\/wp\/v2\/users\/1"}],"replies":[{"embeddable":true,"href":"https:\/\/magistradoscorrientes.com\/magistrados\/wp-json\/wp\/v2\/comments?post=3986"}],"version-history":[{"count":1,"href":"https:\/\/magistradoscorrientes.com\/magistrados\/wp-json\/wp\/v2\/posts\/3986\/revisions"}],"predecessor-version":[{"id":4005,"href":"https:\/\/magistradoscorrientes.com\/magistrados\/wp-json\/wp\/v2\/posts\/3986\/revisions\/4005"}],"wp:featuredmedia":[{"embeddable":true,"href":"https:\/\/magistradoscorrientes.com\/magistrados\/wp-json\/wp\/v2\/media\/4004"}],"wp:attachment":[{"href":"https:\/\/magistradoscorrientes.com\/magistrados\/wp-json\/wp\/v2\/media?parent=3986"}],"wp:term":[{"taxonomy":"category","embeddable":true,"href":"https:\/\/magistradoscorrientes.com\/magistrados\/wp-json\/wp\/v2\/categories?post=3986"},{"taxonomy":"post_tag","embeddable":true,"href":"https:\/\/magistradoscorrientes.com\/magistrados\/wp-json\/wp\/v2\/tags?post=3986"}],"curies":[{"name":"wp","href":"https:\/\/api.w.org\/{rel}","templated":true}]}}