{"id":4021,"date":"2018-12-08T17:21:27","date_gmt":"2018-12-08T20:21:27","guid":{"rendered":"http:\/\/magistradoscorrientes.com\/magistrados\/?p=4021"},"modified":"2020-11-16T17:49:14","modified_gmt":"2020-11-16T20:49:14","slug":"balance-reunion-de-comision-directiva-noviembre-2018","status":"publish","type":"post","link":"https:\/\/magistradoscorrientes.com\/magistrados\/balance-reunion-de-comision-directiva-noviembre-2018\/","title":{"rendered":"Balance reuni\u00f3n de Comisi\u00f3n Directiva \u2013 Noviembre 2018"},"content":{"rendered":"\n<p>El pasado viernes 30 de noviembre se llev\u00f3 a cabo la reuni\u00f3n de Comisi\u00f3n Directiva del Colegio en la sede de calle Buenos Aires 780.<br>El encuentro dio inicio con los temas planteados por asociados del interior, oportunidad en la que desde Paso de los Libres se reiter\u00f3 la necesidad de contar con m\u00e9dico forense y psiquiatra, ya que tras la jubilaci\u00f3n de quienes ocupaban esos cargos, esa localidad y Monte Caseros, quedaron sin estos profesionales. Por otra parte, se manifest\u00f3 preocupaci\u00f3n por denuncias recibidas por jueces de esa ciudad.<br>Por otra parte, desde la localidad de Itat\u00ed se puntualiz\u00f3 en la necesidad de revalorizar y mantener la labor de la Justicia de Paz como mediadora en cada una de las localidades. En este sentido, se hizo referencia a la reuni\u00f3n mantenida por miembros de la Comisi\u00f3n Directiva del Colegio con el presidente del Superior Tribunal de Justicia, Dr. Guillermo Semhan, donde se trataron cuestiones referidas a la organizaci\u00f3n de la Justicia de Paz, competencia y tambi\u00e9n la jerarquizaci\u00f3n salarial de los secretarios.<br>Al momento de brindar el informe de gesti\u00f3n, la presidente, Dra. Luz Masferrer, coment\u00f3 que todas las inquietudes y necesidades planteadas por los asociados de Ituzaing\u00f3 y Santo Tom\u00e9 -referidas a espacios f\u00edsicos de los juzgados, refuncionalizaci\u00f3n de oficinas y la creaci\u00f3n de archivos- ya fueron presentadas ante el STJ, como tambi\u00e9n la necesidad de contar con un asesor sustituto en la localidad de Santo Tom\u00e9, que fue solicitada al Fiscal General.<br>Por otra parte, coment\u00f3 sobre la realizaci\u00f3n de la jornada federal de AMJA el 23 de noviembre en el Colegio, en el marco del D\u00eda Internacional de la No Violencia Contra la Mujer.<br>La Presidente hizo menci\u00f3n tambi\u00e9n a la convocatoria de la FAM a la Asamblea que tuvo lugar los d\u00edas 6 y 7 de diciembre y brind\u00f3 informaci\u00f3n sobre el abordaje que se le dio, desde la Federaci\u00f3n, al tema del impuesto a las ganancias. En este sentido coment\u00f3 sobre la reuni\u00f3n que mantuvo el Dr. Ariel Ariza y miembros de Comisi\u00f3n de FAM con diputados nacionales y otras actuaciones encaradas con posterioridad a dicha reuni\u00f3n y al comunicado emitido luego del fallo de la Corte. En este sentido, desde la Comisi\u00f3n Directiva del Colegio se determin\u00f3 convocar a los magistrados y funcionarios -asociados y no asociados- a enviar los datos de quienes hayan sido designados en sus cargos despu\u00e9s del 1 de enero de 2017.<br>A continuaci\u00f3n, la Dra. Liliana Pasetto \u2013que asisti\u00f3 a la Reuni\u00f3n de la Comisi\u00f3n Nacional de Secretarios en representaci\u00f3n del Colegio- brind\u00f3 informe sobre dicho encuentro que se concret\u00f3 en la ciudad de San Salvador de Jujuy, del cual tambi\u00e9n particip\u00f3 la Dra. Mar\u00eda Silvina Cardoso en car\u00e1cter de disertante. Pasetto hizo referencia a que en dicha oportunidad, entre otros temas, los secretarios trataron la situaci\u00f3n sobre el impuesto a las ganancias a partir del dictado de la Ley, y se\u00f1al\u00f3 que el encuentro fue muy fruct\u00edfero ya que se resalt\u00f3 el esp\u00edritu asociacionista y la importancia de permanecer asociados al Colegio. Por otra parte, coment\u00f3 que las pr\u00f3ximas reuniones de la Comisi\u00f3n Nacional de Secretarios en 2019 se realizar\u00e1n: en junio con las Jornadas Cient\u00edficas de la Magistratura en la ciudad de Buenos Aires, y en septiembre conjuntamente con el Congreso Nacional de Secretarios en Ushuaia; en tanto que la tercera ser\u00e1 fecha y lugar a confirmar.<br>Por \u00faltimo punto de la reuni\u00f3n de Comisi\u00f3n se trat\u00f3 el costo de alquiler del quincho y el sal\u00f3n del Colegio que ser\u00e1n actualizados. A partir del mes de enero el quincho pasar\u00e1 a costar $1000 para eventos particulares, mientras que para reuniones de camarader\u00eda se deber\u00e1 abonar el costo de limpieza que es de $500. El sal\u00f3n costar\u00e1 $5000 m\u00e1s $1000 de garant\u00eda.<\/p>\n","protected":false},"excerpt":{"rendered":"<p>El pasado viernes 30 de noviembre se llev\u00f3 a cabo la reuni\u00f3n de Comisi\u00f3n Directiva del Colegio en la sede de calle Buenos Aires 780.El encuentro dio inicio con los temas planteados por asociados del interior, oportunidad en la que desde Paso de los Libres se reiter\u00f3 la necesidad de contar con m\u00e9dico forense y psiquiatra, ya que tras la [&hellip;]<\/p>\n","protected":false},"author":1,"featured_media":4031,"comment_status":"closed","ping_status":"open","sticky":false,"template":"","format":"standard","meta":{"ngg_post_thumbnail":0},"categories":[13],"tags":[],"_links":{"self":[{"href":"https:\/\/magistradoscorrientes.com\/magistrados\/wp-json\/wp\/v2\/posts\/4021"}],"collection":[{"href":"https:\/\/magistradoscorrientes.com\/magistrados\/wp-json\/wp\/v2\/posts"}],"about":[{"href":"https:\/\/magistradoscorrientes.com\/magistrados\/wp-json\/wp\/v2\/types\/post"}],"author":[{"embeddable":true,"href":"https:\/\/magistradoscorrientes.com\/magistrados\/wp-json\/wp\/v2\/users\/1"}],"replies":[{"embeddable":true,"href":"https:\/\/magistradoscorrientes.com\/magistrados\/wp-json\/wp\/v2\/comments?post=4021"}],"version-history":[{"count":1,"href":"https:\/\/magistradoscorrientes.com\/magistrados\/wp-json\/wp\/v2\/posts\/4021\/revisions"}],"predecessor-version":[{"id":4032,"href":"https:\/\/magistradoscorrientes.com\/magistrados\/wp-json\/wp\/v2\/posts\/4021\/revisions\/4032"}],"wp:featuredmedia":[{"embeddable":true,"href":"https:\/\/magistradoscorrientes.com\/magistrados\/wp-json\/wp\/v2\/media\/4031"}],"wp:attachment":[{"href":"https:\/\/magistradoscorrientes.com\/magistrados\/wp-json\/wp\/v2\/media?parent=4021"}],"wp:term":[{"taxonomy":"category","embeddable":true,"href":"https:\/\/magistradoscorrientes.com\/magistrados\/wp-json\/wp\/v2\/categories?post=4021"},{"taxonomy":"post_tag","embeddable":true,"href":"https:\/\/magistradoscorrientes.com\/magistrados\/wp-json\/wp\/v2\/tags?post=4021"}],"curies":[{"name":"wp","href":"https:\/\/api.w.org\/{rel}","templated":true}]}}