{"id":4023,"date":"2018-12-04T17:21:33","date_gmt":"2018-12-04T20:21:33","guid":{"rendered":"http:\/\/magistradoscorrientes.com\/magistrados\/?p=4023"},"modified":"2020-11-16T18:06:35","modified_gmt":"2020-11-16T21:06:35","slug":"magistrados-de-toda-la-provincia-compartieron-una-jornada-anti-estres","status":"publish","type":"post","link":"https:\/\/magistradoscorrientes.com\/magistrados\/magistrados-de-toda-la-provincia-compartieron-una-jornada-anti-estres\/","title":{"rendered":"Magistrados de toda la provincia compartieron una jornada anti estr\u00e9s"},"content":{"rendered":"\n<p><a>Jueces, fiscales, defensores y asesores participaron el pasado s\u00e1bado de una Jornada Antiestr\u00e9s organizada por el Colegio de Magistrados y Funcionarios del Poder Judicial de Corrientes. La actividad estuvo a cargo del equipo de la Consultora Laboral Caproser y cont\u00f3 con unos 25 asistentes.<br><br>En el Club de Campo \u201cDo\u00f1a Sarita\u201d se realiz\u00f3 el encuentro que convoc\u00f3 a magistrados de toda la provincia con el objetivo de trabajar en el descubrimiento y la aplicaci\u00f3n de herramientas que ayuden a superar los momentos cotidianos de tensi\u00f3n, a fin de lograr un mejor desarrollo personal, tanto en la vida laboral como en la personal.<br><br>Durante la ma\u00f1ana y parte de la tarde los participantes realizaron actividades l\u00fadicas grupales que les permitieron interactuar y afrontar con alegr\u00eda y entusiasmo los desaf\u00edos propuestos, ejercitando constantemente la creatividad, adaptabilidad y la claridad mental.<br><br>Desde la Comisi\u00f3n Directiva del Colegio se manifestaron satisfechos con el compromiso manifestado por los magistrados y funcionarios \u2013asociados y no asociados- en cada una de jornadas antiestr\u00e9s que se realizaron este a\u00f1o \u2013la primera fue dirigida a los secretarios y se realiz\u00f3 en el mes de noviembre-.<br><br>La presidente del Colegio, Dra. Masferrer, destac\u00f3 que \u201cse propici\u00f3 un \u00e1mbito de integraci\u00f3n y fraternidad entre los participantes que han compartido las actividades propuestas, aliviando tensiones y valorizando el espacio de interacci\u00f3n, aspectos que fortalecen los lazos asociacionistas\u201d. Asimismo, agreg\u00f3 que \u201cestas jornadas antiestr\u00e9s son un primer paso que damos en este sentido, pero el a\u00f1o que viene continuaremos con estas y otras propuestas para acompa\u00f1ar a nuestros asociados y brindarles herramientas para mejorar sus \u00e1mbitos laborales, oficinas, y tambi\u00e9n su vida diaria\u201d.<\/a><\/p>\n","protected":false},"excerpt":{"rendered":"<p>Jueces, fiscales, defensores y asesores participaron el pasado s\u00e1bado de una Jornada Antiestr\u00e9s organizada por el Colegio de Magistrados y Funcionarios del Poder Judicial de Corrientes. La actividad estuvo a cargo del equipo de la Consultora Laboral Caproser y cont\u00f3 con unos 25 asistentes. En el Club de Campo \u201cDo\u00f1a Sarita\u201d se realiz\u00f3 el encuentro que convoc\u00f3 a magistrados de [&hellip;]<\/p>\n","protected":false},"author":1,"featured_media":4033,"comment_status":"closed","ping_status":"open","sticky":false,"template":"","format":"standard","meta":{"ngg_post_thumbnail":0},"categories":[13],"tags":[],"_links":{"self":[{"href":"https:\/\/magistradoscorrientes.com\/magistrados\/wp-json\/wp\/v2\/posts\/4023"}],"collection":[{"href":"https:\/\/magistradoscorrientes.com\/magistrados\/wp-json\/wp\/v2\/posts"}],"about":[{"href":"https:\/\/magistradoscorrientes.com\/magistrados\/wp-json\/wp\/v2\/types\/post"}],"author":[{"embeddable":true,"href":"https:\/\/magistradoscorrientes.com\/magistrados\/wp-json\/wp\/v2\/users\/1"}],"replies":[{"embeddable":true,"href":"https:\/\/magistradoscorrientes.com\/magistrados\/wp-json\/wp\/v2\/comments?post=4023"}],"version-history":[{"count":1,"href":"https:\/\/magistradoscorrientes.com\/magistrados\/wp-json\/wp\/v2\/posts\/4023\/revisions"}],"predecessor-version":[{"id":4034,"href":"https:\/\/magistradoscorrientes.com\/magistrados\/wp-json\/wp\/v2\/posts\/4023\/revisions\/4034"}],"wp:featuredmedia":[{"embeddable":true,"href":"https:\/\/magistradoscorrientes.com\/magistrados\/wp-json\/wp\/v2\/media\/4033"}],"wp:attachment":[{"href":"https:\/\/magistradoscorrientes.com\/magistrados\/wp-json\/wp\/v2\/media?parent=4023"}],"wp:term":[{"taxonomy":"category","embeddable":true,"href":"https:\/\/magistradoscorrientes.com\/magistrados\/wp-json\/wp\/v2\/categories?post=4023"},{"taxonomy":"post_tag","embeddable":true,"href":"https:\/\/magistradoscorrientes.com\/magistrados\/wp-json\/wp\/v2\/tags?post=4023"}],"curies":[{"name":"wp","href":"https:\/\/api.w.org\/{rel}","templated":true}]}}