{"id":4025,"date":"2018-11-23T17:21:40","date_gmt":"2018-11-23T20:21:40","guid":{"rendered":"http:\/\/magistradoscorrientes.com\/magistrados\/?p=4025"},"modified":"2020-11-16T18:08:37","modified_gmt":"2020-11-16T21:08:37","slug":"el-15-de-diciembre-sera-la-asamblea-del-colegio-y-asumiran-las-nuevas-autoridades","status":"publish","type":"post","link":"https:\/\/magistradoscorrientes.com\/magistrados\/el-15-de-diciembre-sera-la-asamblea-del-colegio-y-asumiran-las-nuevas-autoridades\/","title":{"rendered":"El 15 de diciembre ser\u00e1 la Asamblea del Colegio y asumir\u00e1n las nuevas autoridades"},"content":{"rendered":"\n<p>El s\u00e1bado 15 de diciembre a las 10:00 Hs. se llevar\u00e1 a cabo la Asamblea General Ordinaria en la sede de Buenos Aires 780, donde se presentar\u00e1 la Memoria, Inventario y los Estados Contables correspondiente al ejercicio econ\u00f3mico financiero 2017\/18, para su aprobaci\u00f3n.<br>En la oportunidad tambi\u00e9n asumir\u00e1n las nuevas autoridades del Colegio que fueron recientemente proclamadas por el Tribunal Electoral para el per\u00edodo 2018\/2020.<br>Adem\u00e1s, se entregar\u00e1n distinciones a los miembros de Comisi\u00f3n Directiva saliente y a los nuevos asociados.<br>Posteriormente, se realizar\u00e1 un almuerzo de camarader\u00eda con todos los presentes, donde se compartir\u00e1 un lunch y brindis con m\u00fasica y animaci\u00f3n.<\/p>\n","protected":false},"excerpt":{"rendered":"<p>El s\u00e1bado 15 de diciembre a las 10:00 Hs. se llevar\u00e1 a cabo la Asamblea General Ordinaria en la sede de Buenos Aires 780, donde se presentar\u00e1 la Memoria, Inventario y los Estados Contables correspondiente al ejercicio econ\u00f3mico financiero 2017\/18, para su aprobaci\u00f3n.En la oportunidad tambi\u00e9n asumir\u00e1n las nuevas autoridades del Colegio que fueron recientemente proclamadas por el Tribunal Electoral [&hellip;]<\/p>\n","protected":false},"author":1,"featured_media":4037,"comment_status":"closed","ping_status":"open","sticky":false,"template":"","format":"standard","meta":{"ngg_post_thumbnail":0},"categories":[13],"tags":[],"_links":{"self":[{"href":"https:\/\/magistradoscorrientes.com\/magistrados\/wp-json\/wp\/v2\/posts\/4025"}],"collection":[{"href":"https:\/\/magistradoscorrientes.com\/magistrados\/wp-json\/wp\/v2\/posts"}],"about":[{"href":"https:\/\/magistradoscorrientes.com\/magistrados\/wp-json\/wp\/v2\/types\/post"}],"author":[{"embeddable":true,"href":"https:\/\/magistradoscorrientes.com\/magistrados\/wp-json\/wp\/v2\/users\/1"}],"replies":[{"embeddable":true,"href":"https:\/\/magistradoscorrientes.com\/magistrados\/wp-json\/wp\/v2\/comments?post=4025"}],"version-history":[{"count":1,"href":"https:\/\/magistradoscorrientes.com\/magistrados\/wp-json\/wp\/v2\/posts\/4025\/revisions"}],"predecessor-version":[{"id":4038,"href":"https:\/\/magistradoscorrientes.com\/magistrados\/wp-json\/wp\/v2\/posts\/4025\/revisions\/4038"}],"wp:featuredmedia":[{"embeddable":true,"href":"https:\/\/magistradoscorrientes.com\/magistrados\/wp-json\/wp\/v2\/media\/4037"}],"wp:attachment":[{"href":"https:\/\/magistradoscorrientes.com\/magistrados\/wp-json\/wp\/v2\/media?parent=4025"}],"wp:term":[{"taxonomy":"category","embeddable":true,"href":"https:\/\/magistradoscorrientes.com\/magistrados\/wp-json\/wp\/v2\/categories?post=4025"},{"taxonomy":"post_tag","embeddable":true,"href":"https:\/\/magistradoscorrientes.com\/magistrados\/wp-json\/wp\/v2\/tags?post=4025"}],"curies":[{"name":"wp","href":"https:\/\/api.w.org\/{rel}","templated":true}]}}