{"id":4027,"date":"2018-11-20T17:21:51","date_gmt":"2018-11-20T20:21:51","guid":{"rendered":"http:\/\/magistradoscorrientes.com\/magistrados\/?p=4027"},"modified":"2020-11-16T18:11:03","modified_gmt":"2020-11-16T21:11:03","slug":"autoridades-de-fam-y-jufejus-se-reunieron-con-pichetto","status":"publish","type":"post","link":"https:\/\/magistradoscorrientes.com\/magistrados\/autoridades-de-fam-y-jufejus-se-reunieron-con-pichetto\/","title":{"rendered":"Autoridades de FAM y JUFEJUS se reunieron con Pichetto"},"content":{"rendered":"\n<p>El presidente del Bloque de Senadores del PJ Miguel Pichetto se reuni\u00f3 con las autoridades de la Federaci\u00f3n Argentina de la Magistratura y la Funci\u00f3n Judicial (FAM) y de la Junta Federal de Cortes y Superiores Tribunales de Justicia de las Provincias Argentinas y Ciudad Aut\u00f3noma de Buenos Aires (JUFEJUS).<\/p>\n\n\n\n<p>En el encuentro los representantes de la FAM y de JUFEJUS plantearon cuestiones de inter\u00e9s de los poderes judiciales en los estados provinciales, como por ejemplo las asimetr\u00edas existentes entre jurisdicciones.<\/p>\n\n\n\n<p>Por otra parte, tambi\u00e9n se evaluaron las remuneraciones de los magistrados del interior, que son inferiores a la de la Justicia a nivel nacional. En este sentido, en el encuentro se coincidi\u00f3 en la necesidad de buscar uniformidad y equilibrio entre todos los poderes judiciales.<\/p>\n\n\n\n<p>Respecto del impuesto a las Ganancias los representantes de la FAM y de JUFEJUS mostraron su preocupaci\u00f3n y el senador Pichetto ratific\u00f3 su posici\u00f3n p\u00fablica de mantener la ley sancionada por el Congreso Nacional y no modificarla y que \u00abla Corte Suprema de Justicia tiene que expresarse sobre esta cuesti\u00f3n en breve\u00bb.<\/p>\n\n\n\n<p>Finalmente, se inform\u00f3 que el a\u00f1o pr\u00f3ximo el senador Pichetto participar\u00e1 de una encuentro de la FAM y de JUFEJUS en la que se evaluar\u00e1n las metas para el \u00e1rea judicial que compete a estas organizaciones.<\/p>\n\n\n\n<p>Del encuentro particip\u00f3 el presidente de FAM, Ariel Ariza y sus vicepresidentes Claudio Fede y H\u00e9ctor Leguizam\u00f3n Pondal. Por JUFEJUS estuvo su presidenta Mar\u00eda del Carmen Bataini, y su vicepresidente Jorge Antonio Rojas. Adem\u00e1s participaron del encuentro los presidentes de los superiores tribunales de Justicia de Chacho, Rolando Ignacio Toledo y de Misiones Froil\u00e1n Zarza.<\/p>\n\n\n\n<p>FUENTE: http:\/\/www.fam.org.ar<\/p>\n","protected":false},"excerpt":{"rendered":"<p>El presidente del Bloque de Senadores del PJ Miguel Pichetto se reuni\u00f3 con las autoridades de la Federaci\u00f3n Argentina de la Magistratura y la Funci\u00f3n Judicial (FAM) y de la Junta Federal de Cortes y Superiores Tribunales de Justicia de las Provincias Argentinas y Ciudad Aut\u00f3noma de Buenos Aires (JUFEJUS). En el encuentro los representantes de la FAM y de [&hellip;]<\/p>\n","protected":false},"author":1,"featured_media":4041,"comment_status":"closed","ping_status":"open","sticky":false,"template":"","format":"standard","meta":{"ngg_post_thumbnail":0},"categories":[13],"tags":[],"_links":{"self":[{"href":"https:\/\/magistradoscorrientes.com\/magistrados\/wp-json\/wp\/v2\/posts\/4027"}],"collection":[{"href":"https:\/\/magistradoscorrientes.com\/magistrados\/wp-json\/wp\/v2\/posts"}],"about":[{"href":"https:\/\/magistradoscorrientes.com\/magistrados\/wp-json\/wp\/v2\/types\/post"}],"author":[{"embeddable":true,"href":"https:\/\/magistradoscorrientes.com\/magistrados\/wp-json\/wp\/v2\/users\/1"}],"replies":[{"embeddable":true,"href":"https:\/\/magistradoscorrientes.com\/magistrados\/wp-json\/wp\/v2\/comments?post=4027"}],"version-history":[{"count":1,"href":"https:\/\/magistradoscorrientes.com\/magistrados\/wp-json\/wp\/v2\/posts\/4027\/revisions"}],"predecessor-version":[{"id":4042,"href":"https:\/\/magistradoscorrientes.com\/magistrados\/wp-json\/wp\/v2\/posts\/4027\/revisions\/4042"}],"wp:featuredmedia":[{"embeddable":true,"href":"https:\/\/magistradoscorrientes.com\/magistrados\/wp-json\/wp\/v2\/media\/4041"}],"wp:attachment":[{"href":"https:\/\/magistradoscorrientes.com\/magistrados\/wp-json\/wp\/v2\/media?parent=4027"}],"wp:term":[{"taxonomy":"category","embeddable":true,"href":"https:\/\/magistradoscorrientes.com\/magistrados\/wp-json\/wp\/v2\/categories?post=4027"},{"taxonomy":"post_tag","embeddable":true,"href":"https:\/\/magistradoscorrientes.com\/magistrados\/wp-json\/wp\/v2\/tags?post=4027"}],"curies":[{"name":"wp","href":"https:\/\/api.w.org\/{rel}","templated":true}]}}