{"id":4028,"date":"2018-11-17T17:21:53","date_gmt":"2018-11-17T20:21:53","guid":{"rendered":"http:\/\/magistradoscorrientes.com\/magistrados\/?p=4028"},"modified":"2020-11-16T18:12:08","modified_gmt":"2020-11-16T21:12:08","slug":"comunicado-fam-jufejus-amfjn-asociacion-de-fiscales-y-union-de-empleados-de-la-justicia-nacional","status":"publish","type":"post","link":"https:\/\/magistradoscorrientes.com\/magistrados\/comunicado-fam-jufejus-amfjn-asociacion-de-fiscales-y-union-de-empleados-de-la-justicia-nacional\/","title":{"rendered":"Comunicado: FAM, JUFEJUS, AMFJN, Asociaci\u00f3n de Fiscales y Uni\u00f3n de Empleados de la Justicia Nacional"},"content":{"rendered":"\n<p>Comunicamos a los integrantes de nuestras instituciones que en el d\u00eda de la fecha Presidentes de la Federaci\u00f3n Argentina de la Magistratura y de la Funci\u00f3n Judicial, Dr. Ariel Ariza; de la Asociaci\u00f3n de Magistrados de la Justicia Nacional, Dra. Mar\u00eda Lilia D\u00edaz Cordero; de la Asociaci\u00f3n de Fiscales y de la Junta Federal de Cortes y Superiores Tribunales de Justicia de las Provincias Argentinas y Ciudad Aut\u00f3noma de Buenos Aires, Dra. Mar\u00eda del Carmen Battaini y representante de la Uni\u00f3n de Empleados de la Justicia Nacional Carolina Lospennato se reunieron con los Diputados Nacionales Nicol\u00e1s Massot, Graciela Cama\u00f1o, Juan Manuel L\u00f3pez, Pablo Cosimet, Marco Lavagna y Luis Borsani, a fin de considerar las distintas alternativas que se dieron en la C\u00e1mara de Diputados en los \u00faltimos tres a\u00f1os sobre Impuesto a las Ganancias para el Sector Judicial.<br>Todas las entidades del \u00e1mbito judicial participantes expusieron el impacto que generaron las noticias period\u00edsticas sobre nuevas iniciativas que tendr\u00edan lugar en la C\u00e1mara de Diputados, poniendo de manifiesto la preocupaci\u00f3n que se ha generado en todos los integrantes de los Poderes Judiciales por el contenido del proyecto tratado en la C\u00e1mara de Diputados en el mes de octubre pasado como as\u00ed tambi\u00e9n por el procedimiento que tuvo lugar para ello.<br>Tanto desde JUFEJUS como desde FAM se enfatiz\u00f3 reiteradamente la situaci\u00f3n de asimetr\u00edas salariales existentes en las provincias argentinas y Ciudad Aut\u00f3noma, como as\u00ed tambi\u00e9n las dificultades habidas a lo largo del a\u00f1o para la recomposici\u00f3n de los haberes, igualmente se destac\u00f3 el efecto negativo del proceso inflacionario sobre los ingresos del sector. Se puso de manifiesto tambi\u00e9n el debilitamiento que esta situaci\u00f3n econ\u00f3mica de disparidad tiene actualmente en la independencia judicial y en la garant\u00eda constitucional de intangibilidad. Gener\u00f3 preocupaci\u00f3n en los legisladores el impacto en las jubilaciones otorgadas que podr\u00eda tener una medida que no analice la diversidad de todos los sectores.<br>Se resalt\u00f3 la serie de consecuencias negativas que podr\u00edan tener lugar alterando el normal desenvolvimiento de la actividad judicial nacional y provincial en caso de aprobarse alguna iniciativa que no sea compatible con las disposiciones constitucionales vigentes (vgr. paros de empleados, acciones judiciales, jubilaciones y cargos vacantes).<br>Despu\u00e9s de un intenso di\u00e1logo se dej\u00f3 se\u00f1alada la necesidad de un an\u00e1lisis y medici\u00f3n de impactos sobre cualquier iniciativa legislativa -la que siempre debe preservar estrictamente la garant\u00eda de intangibilidad- lo que puede brindar m\u00e1s elementos para determinar la necesidad o no del cambio del sistema.<br>Otro tema tratado fue la importancia de esperar el pronunciamiento de la Corte Suprema de Justicia de la Naci\u00f3n en la causa \u201cAMFJN Vs. Estado Nacional\u201d que podr\u00eda dar pautas relevantes a tomar en cuenta.<br>Los diputados manifestaron su posici\u00f3n en cuanto la necesidad de seguir trabajando sobre el tema, generando un puente de di\u00e1logo para reconocer las realidades judiciales.<\/p>\n\n\n\n<p>DRA. MARIA DEL CARMEN BATTAINI<br>PRESIDENTA JUFEJUS<\/p>\n\n\n\n<p>DR. ARIEL ARIZA<br>PRESIDENTE FAM<\/p>\n","protected":false},"excerpt":{"rendered":"<p>Comunicamos a los integrantes de nuestras instituciones que en el d\u00eda de la fecha Presidentes de la Federaci\u00f3n Argentina de la Magistratura y de la Funci\u00f3n Judicial, Dr. Ariel Ariza; de la Asociaci\u00f3n de Magistrados de la Justicia Nacional, Dra. Mar\u00eda Lilia D\u00edaz Cordero; de la Asociaci\u00f3n de Fiscales y de la Junta Federal de Cortes y Superiores Tribunales de [&hellip;]<\/p>\n","protected":false},"author":1,"featured_media":4043,"comment_status":"closed","ping_status":"open","sticky":false,"template":"","format":"standard","meta":{"ngg_post_thumbnail":0},"categories":[13],"tags":[],"_links":{"self":[{"href":"https:\/\/magistradoscorrientes.com\/magistrados\/wp-json\/wp\/v2\/posts\/4028"}],"collection":[{"href":"https:\/\/magistradoscorrientes.com\/magistrados\/wp-json\/wp\/v2\/posts"}],"about":[{"href":"https:\/\/magistradoscorrientes.com\/magistrados\/wp-json\/wp\/v2\/types\/post"}],"author":[{"embeddable":true,"href":"https:\/\/magistradoscorrientes.com\/magistrados\/wp-json\/wp\/v2\/users\/1"}],"replies":[{"embeddable":true,"href":"https:\/\/magistradoscorrientes.com\/magistrados\/wp-json\/wp\/v2\/comments?post=4028"}],"version-history":[{"count":1,"href":"https:\/\/magistradoscorrientes.com\/magistrados\/wp-json\/wp\/v2\/posts\/4028\/revisions"}],"predecessor-version":[{"id":4044,"href":"https:\/\/magistradoscorrientes.com\/magistrados\/wp-json\/wp\/v2\/posts\/4028\/revisions\/4044"}],"wp:featuredmedia":[{"embeddable":true,"href":"https:\/\/magistradoscorrientes.com\/magistrados\/wp-json\/wp\/v2\/media\/4043"}],"wp:attachment":[{"href":"https:\/\/magistradoscorrientes.com\/magistrados\/wp-json\/wp\/v2\/media?parent=4028"}],"wp:term":[{"taxonomy":"category","embeddable":true,"href":"https:\/\/magistradoscorrientes.com\/magistrados\/wp-json\/wp\/v2\/categories?post=4028"},{"taxonomy":"post_tag","embeddable":true,"href":"https:\/\/magistradoscorrientes.com\/magistrados\/wp-json\/wp\/v2\/tags?post=4028"}],"curies":[{"name":"wp","href":"https:\/\/api.w.org\/{rel}","templated":true}]}}