{"id":4047,"date":"2018-11-15T18:13:53","date_gmt":"2018-11-15T21:13:53","guid":{"rendered":"http:\/\/magistradoscorrientes.com\/magistrados\/?p=4047"},"modified":"2020-11-16T18:14:57","modified_gmt":"2020-11-16T21:14:57","slug":"aadi-capif-actualizo-tarifas-para-eventos-en-el-salon-del-colegio","status":"publish","type":"post","link":"https:\/\/magistradoscorrientes.com\/magistrados\/aadi-capif-actualizo-tarifas-para-eventos-en-el-salon-del-colegio\/","title":{"rendered":"AADI \u2013 CAPIF actualiz\u00f3 tarifas para eventos en el sal\u00f3n del Colegio"},"content":{"rendered":"\n<p>Informamos que AADI \u2013 CAPIF \u2013la entidad encargada de la recaudaci\u00f3n de los derechos que competen a artistas e int\u00e9rpretes y a los productores fotogr\u00e1ficos, por la reproducci\u00f3n de m\u00fasicas y videos en fiestas, reuniones con y sin baile, espect\u00e1culos- actualiz\u00f3 sus tarifas, elevando a $3000 el arancel para eventos de hasta 100 personas.<br>Dicha tarifa est\u00e1 en vigencia desde el 1 de noviembre pasado para los eventos que se realicen en el sal\u00f3n del Colegio. La misma debe ser abonada al representante regional de AADI \u2013 CAPIF, quien emitir\u00e1 el correspondiente recibo oficial para la habilitaci\u00f3n. Para m\u00e1s informaci\u00f3n o aclaratorias, dirigirse al sitio web: www.aadi-capif.org.ar o bien comunicarse al tel\u00e9fono 0362 4424180.<\/p>\n","protected":false},"excerpt":{"rendered":"<p>Informamos que AADI \u2013 CAPIF \u2013la entidad encargada de la recaudaci\u00f3n de los derechos que competen a artistas e int\u00e9rpretes y a los productores fotogr\u00e1ficos, por la reproducci\u00f3n de m\u00fasicas y videos en fiestas, reuniones con y sin baile, espect\u00e1culos- actualiz\u00f3 sus tarifas, elevando a $3000 el arancel para eventos de hasta 100 personas.Dicha tarifa est\u00e1 en vigencia desde el [&hellip;]<\/p>\n","protected":false},"author":1,"featured_media":4057,"comment_status":"closed","ping_status":"open","sticky":false,"template":"","format":"standard","meta":{"ngg_post_thumbnail":0},"categories":[13],"tags":[],"_links":{"self":[{"href":"https:\/\/magistradoscorrientes.com\/magistrados\/wp-json\/wp\/v2\/posts\/4047"}],"collection":[{"href":"https:\/\/magistradoscorrientes.com\/magistrados\/wp-json\/wp\/v2\/posts"}],"about":[{"href":"https:\/\/magistradoscorrientes.com\/magistrados\/wp-json\/wp\/v2\/types\/post"}],"author":[{"embeddable":true,"href":"https:\/\/magistradoscorrientes.com\/magistrados\/wp-json\/wp\/v2\/users\/1"}],"replies":[{"embeddable":true,"href":"https:\/\/magistradoscorrientes.com\/magistrados\/wp-json\/wp\/v2\/comments?post=4047"}],"version-history":[{"count":1,"href":"https:\/\/magistradoscorrientes.com\/magistrados\/wp-json\/wp\/v2\/posts\/4047\/revisions"}],"predecessor-version":[{"id":4058,"href":"https:\/\/magistradoscorrientes.com\/magistrados\/wp-json\/wp\/v2\/posts\/4047\/revisions\/4058"}],"wp:featuredmedia":[{"embeddable":true,"href":"https:\/\/magistradoscorrientes.com\/magistrados\/wp-json\/wp\/v2\/media\/4057"}],"wp:attachment":[{"href":"https:\/\/magistradoscorrientes.com\/magistrados\/wp-json\/wp\/v2\/media?parent=4047"}],"wp:term":[{"taxonomy":"category","embeddable":true,"href":"https:\/\/magistradoscorrientes.com\/magistrados\/wp-json\/wp\/v2\/categories?post=4047"},{"taxonomy":"post_tag","embeddable":true,"href":"https:\/\/magistradoscorrientes.com\/magistrados\/wp-json\/wp\/v2\/tags?post=4047"}],"curies":[{"name":"wp","href":"https:\/\/api.w.org\/{rel}","templated":true}]}}