{"id":4048,"date":"2018-11-08T18:13:57","date_gmt":"2018-11-08T21:13:57","guid":{"rendered":"http:\/\/magistradoscorrientes.com\/magistrados\/?p=4048"},"modified":"2020-11-16T18:15:45","modified_gmt":"2020-11-16T21:15:45","slug":"reunion-con-el-presidente-del-superior-tribunal-de-justicia","status":"publish","type":"post","link":"https:\/\/magistradoscorrientes.com\/magistrados\/reunion-con-el-presidente-del-superior-tribunal-de-justicia\/","title":{"rendered":"Reuni\u00f3n con el Presidente del Superior Tribunal de Justicia"},"content":{"rendered":"\n<p>La Comisi\u00f3n Directiva del Colegio, encabezada por su presidente, Dra. Luz Masferrer, fue recibida por el presidente del Superior Tribunal de Justicia, Dr. Guillermo Semhan. Asistieron los Dres. Horacio Pisarello, Mirtha Ram\u00edrez Barrios y Alfredo Aquino, en representaci\u00f3n de la Justicia de Paz.<br>En encuentro tuvo como ejes principales la situaci\u00f3n de la Justicia de Paz ante la transformaci\u00f3n en los juzgados en civiles y comerciales, jerarquizaci\u00f3n de los Secretarios de Justicia de Paz, capacitaci\u00f3n en el interior y ampliaci\u00f3n de licencias a tal efecto, r\u00e9gimen de licencias para asociados del interior por motivos de salud, coordinaci\u00f3n de tareas con COPNAF y la recomposici\u00f3n salarial para los cuadros judiciales.<br>Al inicio de la reuni\u00f3n, los representantes del Colegio plantearon la preocupaci\u00f3n del sector de la Justicia de Paz respecto a su funci\u00f3n en las localidades donde los juzgados fueron transformados y se consult\u00f3 al Presidente sobre los proyectos legislativos existentes referidos a la creaci\u00f3n de juzgados en Sauce y Alvear. Por otra parte, se mencion\u00f3 la necesidad de una jerarquizaci\u00f3n salarial de los secretarios del sector y se propusieron alternativas para revalorizar dicha funci\u00f3n en toda la provincia.<br>En otro orden, se manifestaron las inquietudes que los asociados de la 5ta. Circunscripci\u00f3n plantearon a la Comisi\u00f3n Directiva durante su \u00faltima visita a las localidades a Santo Tom\u00e9 e Ituzaing\u00f3. En ese marco, se solicit\u00f3 se ampl\u00eden las posibilidades de capacitaci\u00f3n en el interior y la cantidad de d\u00edas de licencias otorgados para perfeccionamiento. Tambi\u00e9n se reiter\u00f3 el pedido de que no se contin\u00fae descontando el presentismo en los casos en que asociados del interior deben acudir a la Capital para realizarse estudios m\u00e9dicos.<br>En otro punto, la Comisi\u00f3n destac\u00f3 la necesidad de coordinar tareas con el COPNAF y se solicit\u00f3 el acompa\u00f1amiento del STJ para fortalecer el trabajo judicial que se realiza en consonancia con los organismos del Ejecutivo abocados a la tarea con Ni\u00f1os, Ni\u00f1as y Adolescentes.<br>Finalmente se plante\u00f3 la necesidad de una recomposici\u00f3n salarial para el sector debido a la creciente inflaci\u00f3n y p\u00e9rdida del poder adquisitivo, a lo que el Sr. Presidente respondi\u00f3 que la petici\u00f3n ser\u00eda evaluada junto a los dem\u00e1s ministros.<\/p>\n","protected":false},"excerpt":{"rendered":"<p>La Comisi\u00f3n Directiva del Colegio, encabezada por su presidente, Dra. Luz Masferrer, fue recibida por el presidente del Superior Tribunal de Justicia, Dr. Guillermo Semhan. Asistieron los Dres. Horacio Pisarello, Mirtha Ram\u00edrez Barrios y Alfredo Aquino, en representaci\u00f3n de la Justicia de Paz.En encuentro tuvo como ejes principales la situaci\u00f3n de la Justicia de Paz ante la transformaci\u00f3n en los [&hellip;]<\/p>\n","protected":false},"author":1,"featured_media":4059,"comment_status":"closed","ping_status":"open","sticky":false,"template":"","format":"standard","meta":{"ngg_post_thumbnail":0},"categories":[13],"tags":[],"_links":{"self":[{"href":"https:\/\/magistradoscorrientes.com\/magistrados\/wp-json\/wp\/v2\/posts\/4048"}],"collection":[{"href":"https:\/\/magistradoscorrientes.com\/magistrados\/wp-json\/wp\/v2\/posts"}],"about":[{"href":"https:\/\/magistradoscorrientes.com\/magistrados\/wp-json\/wp\/v2\/types\/post"}],"author":[{"embeddable":true,"href":"https:\/\/magistradoscorrientes.com\/magistrados\/wp-json\/wp\/v2\/users\/1"}],"replies":[{"embeddable":true,"href":"https:\/\/magistradoscorrientes.com\/magistrados\/wp-json\/wp\/v2\/comments?post=4048"}],"version-history":[{"count":1,"href":"https:\/\/magistradoscorrientes.com\/magistrados\/wp-json\/wp\/v2\/posts\/4048\/revisions"}],"predecessor-version":[{"id":4060,"href":"https:\/\/magistradoscorrientes.com\/magistrados\/wp-json\/wp\/v2\/posts\/4048\/revisions\/4060"}],"wp:featuredmedia":[{"embeddable":true,"href":"https:\/\/magistradoscorrientes.com\/magistrados\/wp-json\/wp\/v2\/media\/4059"}],"wp:attachment":[{"href":"https:\/\/magistradoscorrientes.com\/magistrados\/wp-json\/wp\/v2\/media?parent=4048"}],"wp:term":[{"taxonomy":"category","embeddable":true,"href":"https:\/\/magistradoscorrientes.com\/magistrados\/wp-json\/wp\/v2\/categories?post=4048"},{"taxonomy":"post_tag","embeddable":true,"href":"https:\/\/magistradoscorrientes.com\/magistrados\/wp-json\/wp\/v2\/tags?post=4048"}],"curies":[{"name":"wp","href":"https:\/\/api.w.org\/{rel}","templated":true}]}}