{"id":4049,"date":"2018-10-31T18:14:00","date_gmt":"2018-10-31T21:14:00","guid":{"rendered":"http:\/\/magistradoscorrientes.com\/magistrados\/?p=4049"},"modified":"2020-11-16T18:16:40","modified_gmt":"2020-11-16T21:16:40","slug":"reunion-de-comision-directiva-y-visita-a-la-5-circunscripcion","status":"publish","type":"post","link":"https:\/\/magistradoscorrientes.com\/magistrados\/reunion-de-comision-directiva-y-visita-a-la-5-circunscripcion\/","title":{"rendered":"Reuni\u00f3n de Comisi\u00f3n Directiva y visita a la 5\u00b0 Circunscripci\u00f3n"},"content":{"rendered":"\n<p>La Comisi\u00f3n Directiva del Colegio de Magistrados, visit\u00f3 durante el pasado fin de semana la 5\u00b0 Circunscripci\u00f3n judicial para tomar contacto con los asociados de la zona.<br>La recorrida inici\u00f3 el d\u00eda viernes 26 en la ciudad de Ituzaing\u00f3 donde compartieron una reuni\u00f3n informal con magistrados, secretarios y funcionarios del Ministerio P\u00fablico. En la ocasi\u00f3n, los miembros de Comisi\u00f3n escucharon los planteos de los asociados del lugar, quienes hicieron fundamental hincapi\u00e9 en la problem\u00e1tica que enfrentan en relaci\u00f3n al abordaje del tema de Ni\u00f1ez, y las dificultades con las que se encuentran en el trabajo conjunto con otros organismos, como por ejemplo el COPNAF.<br>Adem\u00e1s, los anfitriones comentaron respecto de la necesidad de contar con una Secretar\u00eda m\u00e1s en el Juzgado de Instrucci\u00f3n y solicitaron al Colegio la posibilidad de ampliar el alcance de las capacitaciones hacia el interior de la provincia. Los pedidos y propuestas fueron recibidos por los miembros de Comisi\u00f3n, quienes se pusieron a disposici\u00f3n y se comprometieron realizar gestiones para mejorar el servicio de justicia. Posteriormente al encuentro, los presentes compartieron un grato momento en una cena de camarader\u00eda.<br>Continuando con la visita a las localidades, el s\u00e1bado por la ma\u00f1ana la Comisi\u00f3n estuvo en el Museo Hist\u00f3rico de la localidad de San Carlos, donde compartio un momento con asociados de la Justicia de Paz y facilitadores judiciales zonales, en el marco de un nutrido encuentro de capacitaci\u00f3n organizado por el STJ.<br>Finalmente, en la ma\u00f1ana del s\u00e1bado, arribaron a la localidad de Santo Tom\u00e9 donde, en la sede del Colegio de Abogados, se concret\u00f3 la reuni\u00f3n mensual de Comisi\u00f3n Directiva, de la cual participaron asociados representantes de la Justicia Civil, Penal y del Ministerio P\u00fablico.<br>En la oportunidad se dio prioridad al tratamiento de los temas planteados por asociados del interior, donde ellos pudieron explayarse en las necesidades que enfrentan, destacando los problemas edilicios y faltantes de recursos humanos en los distintos fueros de la circunscripci\u00f3n. Otro de los ejes del encuentro se dio en relaci\u00f3n al funcionamiento del COPNAF en el interior de la provincia y la situaci\u00f3n respecto del alojamiento de los ni\u00f1os judicializados.<br>Al concluir la reuni\u00f3n, los miembros de Comisi\u00f3n y los asociados anfitriones compartieron un almuerzo de camarader\u00eda.<\/p>\n","protected":false},"excerpt":{"rendered":"<p>La Comisi\u00f3n Directiva del Colegio de Magistrados, visit\u00f3 durante el pasado fin de semana la 5\u00b0 Circunscripci\u00f3n judicial para tomar contacto con los asociados de la zona.La recorrida inici\u00f3 el d\u00eda viernes 26 en la ciudad de Ituzaing\u00f3 donde compartieron una reuni\u00f3n informal con magistrados, secretarios y funcionarios del Ministerio P\u00fablico. En la ocasi\u00f3n, los miembros de Comisi\u00f3n escucharon los [&hellip;]<\/p>\n","protected":false},"author":1,"featured_media":4061,"comment_status":"closed","ping_status":"open","sticky":false,"template":"","format":"standard","meta":{"ngg_post_thumbnail":0},"categories":[13],"tags":[],"_links":{"self":[{"href":"https:\/\/magistradoscorrientes.com\/magistrados\/wp-json\/wp\/v2\/posts\/4049"}],"collection":[{"href":"https:\/\/magistradoscorrientes.com\/magistrados\/wp-json\/wp\/v2\/posts"}],"about":[{"href":"https:\/\/magistradoscorrientes.com\/magistrados\/wp-json\/wp\/v2\/types\/post"}],"author":[{"embeddable":true,"href":"https:\/\/magistradoscorrientes.com\/magistrados\/wp-json\/wp\/v2\/users\/1"}],"replies":[{"embeddable":true,"href":"https:\/\/magistradoscorrientes.com\/magistrados\/wp-json\/wp\/v2\/comments?post=4049"}],"version-history":[{"count":1,"href":"https:\/\/magistradoscorrientes.com\/magistrados\/wp-json\/wp\/v2\/posts\/4049\/revisions"}],"predecessor-version":[{"id":4062,"href":"https:\/\/magistradoscorrientes.com\/magistrados\/wp-json\/wp\/v2\/posts\/4049\/revisions\/4062"}],"wp:featuredmedia":[{"embeddable":true,"href":"https:\/\/magistradoscorrientes.com\/magistrados\/wp-json\/wp\/v2\/media\/4061"}],"wp:attachment":[{"href":"https:\/\/magistradoscorrientes.com\/magistrados\/wp-json\/wp\/v2\/media?parent=4049"}],"wp:term":[{"taxonomy":"category","embeddable":true,"href":"https:\/\/magistradoscorrientes.com\/magistrados\/wp-json\/wp\/v2\/categories?post=4049"},{"taxonomy":"post_tag","embeddable":true,"href":"https:\/\/magistradoscorrientes.com\/magistrados\/wp-json\/wp\/v2\/tags?post=4049"}],"curies":[{"name":"wp","href":"https:\/\/api.w.org\/{rel}","templated":true}]}}