{"id":4050,"date":"2018-10-29T18:14:04","date_gmt":"2018-10-29T21:14:04","guid":{"rendered":"http:\/\/magistradoscorrientes.com\/magistrados\/?p=4050"},"modified":"2020-11-16T18:17:36","modified_gmt":"2020-11-16T21:17:36","slug":"se-vienen-las-primeras-jornadas-antiestres","status":"publish","type":"post","link":"https:\/\/magistradoscorrientes.com\/magistrados\/se-vienen-las-primeras-jornadas-antiestres\/","title":{"rendered":"Se vienen las primeras Jornadas Antiestr\u00e9s"},"content":{"rendered":"\n<p>En la \u00faltima reuni\u00f3n de Comisi\u00f3n Directiva llevada a cabo el d\u00eda s\u00e1bado 27 de octubre se aprob\u00f3 la realizaci\u00f3n de las Jornadas Antiestr\u00e9s para funcionarios y magistrados judiciales. La primera de ellas tendr\u00e1 lugar el s\u00e1bado 10 de noviembre y estar\u00e1 destinada a los secretarios judiciales y del Ministerio P\u00fablico de toda la provincia, mientras que el 1 de diciembre se realizar\u00e1 la misma para jueces.<br>Considerando que el autodominio bajo del estr\u00e9s, tanto como la capacidad para adaptarse a los cambios, son facultades que posibilitan mantener la calma y claridad mental frente a hechos de la vida laboral, el Colegio apunta a brindar herramientas, t\u00e9cnicas y recursos a sus asociados para disminuir o combatir el estr\u00e9s.<br>Las actividades se desarrollar\u00e1n bajo una modalidad de taller te\u00f3rico pr\u00e1ctico de vivencia grupal con diversas din\u00e1micas, actividades l\u00fadicas y de simulaci\u00f3n. Las mismas tendr\u00e1n lugar en la localidad de Santa Ana, m\u00e1s precisamente en el \u201cSal\u00f3n Oro Rub\u00ed\u201d del Camping \u201cDo\u00f1a Sarita\u201d, ubicado en Ruta Provincial N\u00b043 Km 8. Para ver su ubicaci\u00f3n: https:\/\/goo.gl\/DRB21N.<br>Cabe destacar que la actividad no tendr\u00e1 costos para los asociados y ser\u00e1 con cupos limitados, por lo que solicitamos a los interesados en asistir a las Jornadas Antiestr\u00e9s para Secretarios se inscriban antes del d\u00eda martes 6 de noviembre a trav\u00e9s del correo electr\u00f3nico: secretariacolegiomagistrados@gmail.com o v\u00eda telef\u00f3nica.<\/p>\n","protected":false},"excerpt":{"rendered":"<p>En la \u00faltima reuni\u00f3n de Comisi\u00f3n Directiva llevada a cabo el d\u00eda s\u00e1bado 27 de octubre se aprob\u00f3 la realizaci\u00f3n de las Jornadas Antiestr\u00e9s para funcionarios y magistrados judiciales. La primera de ellas tendr\u00e1 lugar el s\u00e1bado 10 de noviembre y estar\u00e1 destinada a los secretarios judiciales y del Ministerio P\u00fablico de toda la provincia, mientras que el 1 de [&hellip;]<\/p>\n","protected":false},"author":1,"featured_media":4063,"comment_status":"closed","ping_status":"open","sticky":false,"template":"","format":"standard","meta":{"ngg_post_thumbnail":0},"categories":[13],"tags":[],"_links":{"self":[{"href":"https:\/\/magistradoscorrientes.com\/magistrados\/wp-json\/wp\/v2\/posts\/4050"}],"collection":[{"href":"https:\/\/magistradoscorrientes.com\/magistrados\/wp-json\/wp\/v2\/posts"}],"about":[{"href":"https:\/\/magistradoscorrientes.com\/magistrados\/wp-json\/wp\/v2\/types\/post"}],"author":[{"embeddable":true,"href":"https:\/\/magistradoscorrientes.com\/magistrados\/wp-json\/wp\/v2\/users\/1"}],"replies":[{"embeddable":true,"href":"https:\/\/magistradoscorrientes.com\/magistrados\/wp-json\/wp\/v2\/comments?post=4050"}],"version-history":[{"count":1,"href":"https:\/\/magistradoscorrientes.com\/magistrados\/wp-json\/wp\/v2\/posts\/4050\/revisions"}],"predecessor-version":[{"id":4064,"href":"https:\/\/magistradoscorrientes.com\/magistrados\/wp-json\/wp\/v2\/posts\/4050\/revisions\/4064"}],"wp:featuredmedia":[{"embeddable":true,"href":"https:\/\/magistradoscorrientes.com\/magistrados\/wp-json\/wp\/v2\/media\/4063"}],"wp:attachment":[{"href":"https:\/\/magistradoscorrientes.com\/magistrados\/wp-json\/wp\/v2\/media?parent=4050"}],"wp:term":[{"taxonomy":"category","embeddable":true,"href":"https:\/\/magistradoscorrientes.com\/magistrados\/wp-json\/wp\/v2\/categories?post=4050"},{"taxonomy":"post_tag","embeddable":true,"href":"https:\/\/magistradoscorrientes.com\/magistrados\/wp-json\/wp\/v2\/tags?post=4050"}],"curies":[{"name":"wp","href":"https:\/\/api.w.org\/{rel}","templated":true}]}}