{"id":4051,"date":"2018-10-17T18:14:10","date_gmt":"2018-10-17T21:14:10","guid":{"rendered":"http:\/\/magistradoscorrientes.com\/magistrados\/?p=4051"},"modified":"2020-11-16T18:18:47","modified_gmt":"2020-11-16T21:18:47","slug":"convocatoria-del-consejo-de-la-magistratura","status":"publish","type":"post","link":"https:\/\/magistradoscorrientes.com\/magistrados\/convocatoria-del-consejo-de-la-magistratura\/","title":{"rendered":"Convocatoria del Consejo de la Magistratura"},"content":{"rendered":"\n<p>A trav\u00e9s de la Convocatoria N\u00b0 6\/18, el Consejo de la Magistratura llama a inscripci\u00f3n para cubrir cargos en el Poder Judicial de la Provincia de Corrientes:<\/p>\n\n\n\n<p>Primera Circunscripci\u00f3n Judicial<\/p>\n\n\n\n<p>Con asiento en la ciudad de Corrientes:<br>Un (1) cargo de Juez del Tribunal Oral Penal N\u00b02 (segundo llamado para completar terna)<\/p>\n\n\n\n<p>Cuarta Circunscripci\u00f3n Judicial<\/p>\n\n\n\n<p>Con asiento en la ciudad de Paso de los Libres:<br>Un (1) cargo de Fiscal del Tribunal Oral Penal (Segundo llamado para completar<br>terna)<\/p>\n\n\n\n<p>Quinta Circunscripci\u00f3n Judicial<\/p>\n\n\n\n<p>Con asiento en la ciudad de Gobernador Virasoro:<br>Un (1) cargo de Fiscal de Instrucci\u00f3n y Correccional (tercer llamado para completar<br>terna)<\/p>\n\n\n\n<p>Con asiento en la ciudad de Alvear:<br>Un (1) cargo de Juez de Paz (tercer llamado para completar terna)<\/p>\n\n\n\n<p>Con asiento en la ciudad de Gobernador Virasoro:<br>Un (1) cargo de Juez de Instrucci\u00f3n y Correccional (tercer llamado para completar terna).<\/p>\n\n\n\n<p>Inscripci\u00f3n: En la p\u00e1gina web: http:\/\/www.juscorrientes.gov.ar\/seccion\/consejo-dela-magistratura\/convocatorias.<\/p>\n\n\n\n<p>Informes: En la p\u00e1gina web: http:\/\/www.juscorrientes.gov.ar\/seccion\/consejo-de-lamagistratura\/convocatorias ,<br>o al telef. 0379-4476532<\/p>\n\n\n\n<p>Plazo: Desde las 00:00 hs del 25\/10\/18 a las 24:00 hs del 8\/11\/18.<\/p>\n\n\n\n<p>Requisitos de Admisibilidad: Art. 181 de la Constituci\u00f3n Provincial; art. 14 de la Ley Org\u00e1nica de la Administraci\u00f3n de Justicia; art. 6 de la Ley Org\u00e1nica del Ministerio Publico y arts. 26, 26 bis y 68 segundo p\u00e1rrafo del Reglamento Interno del Consejo de la Magistratura.<\/p>\n","protected":false},"excerpt":{"rendered":"<p>A trav\u00e9s de la Convocatoria N\u00b0 6\/18, el Consejo de la Magistratura llama a inscripci\u00f3n para cubrir cargos en el Poder Judicial de la Provincia de Corrientes: Primera Circunscripci\u00f3n Judicial Con asiento en la ciudad de Corrientes:Un (1) cargo de Juez del Tribunal Oral Penal N\u00b02 (segundo llamado para completar terna) Cuarta Circunscripci\u00f3n Judicial Con asiento en la ciudad de [&hellip;]<\/p>\n","protected":false},"author":1,"featured_media":4065,"comment_status":"closed","ping_status":"open","sticky":false,"template":"","format":"standard","meta":{"ngg_post_thumbnail":0},"categories":[13],"tags":[],"_links":{"self":[{"href":"https:\/\/magistradoscorrientes.com\/magistrados\/wp-json\/wp\/v2\/posts\/4051"}],"collection":[{"href":"https:\/\/magistradoscorrientes.com\/magistrados\/wp-json\/wp\/v2\/posts"}],"about":[{"href":"https:\/\/magistradoscorrientes.com\/magistrados\/wp-json\/wp\/v2\/types\/post"}],"author":[{"embeddable":true,"href":"https:\/\/magistradoscorrientes.com\/magistrados\/wp-json\/wp\/v2\/users\/1"}],"replies":[{"embeddable":true,"href":"https:\/\/magistradoscorrientes.com\/magistrados\/wp-json\/wp\/v2\/comments?post=4051"}],"version-history":[{"count":1,"href":"https:\/\/magistradoscorrientes.com\/magistrados\/wp-json\/wp\/v2\/posts\/4051\/revisions"}],"predecessor-version":[{"id":4066,"href":"https:\/\/magistradoscorrientes.com\/magistrados\/wp-json\/wp\/v2\/posts\/4051\/revisions\/4066"}],"wp:featuredmedia":[{"embeddable":true,"href":"https:\/\/magistradoscorrientes.com\/magistrados\/wp-json\/wp\/v2\/media\/4065"}],"wp:attachment":[{"href":"https:\/\/magistradoscorrientes.com\/magistrados\/wp-json\/wp\/v2\/media?parent=4051"}],"wp:term":[{"taxonomy":"category","embeddable":true,"href":"https:\/\/magistradoscorrientes.com\/magistrados\/wp-json\/wp\/v2\/categories?post=4051"},{"taxonomy":"post_tag","embeddable":true,"href":"https:\/\/magistradoscorrientes.com\/magistrados\/wp-json\/wp\/v2\/tags?post=4051"}],"curies":[{"name":"wp","href":"https:\/\/api.w.org\/{rel}","templated":true}]}}