{"id":4053,"date":"2018-09-19T18:14:21","date_gmt":"2018-09-19T21:14:21","guid":{"rendered":"http:\/\/magistradoscorrientes.com\/magistrados\/?p=4053"},"modified":"2020-11-16T19:50:17","modified_gmt":"2020-11-16T22:50:17","slug":"los-magistrados-y-funcionarios-judiciales-de-corrientes-celebraron-su-dia","status":"publish","type":"post","link":"https:\/\/magistradoscorrientes.com\/magistrados\/los-magistrados-y-funcionarios-judiciales-de-corrientes-celebraron-su-dia\/","title":{"rendered":"Los Magistrados y Funcionarios judiciales de Corrientes celebraron su d\u00eda"},"content":{"rendered":"\n<p>Con motivo de celebrarse el D\u00eda del Magistrado y la Funci\u00f3n Judicial, el pasado s\u00e1bado el Colegio ofreci\u00f3 una fiesta a sus asociados en Espacio Andes, sito Av. Maip\u00fa al 3800. M\u00e1s de 300 personas asistieron al evento que adem\u00e1s cont\u00f3 con el acompa\u00f1amiento de autoridades del Superior Tribunal de Justicia, de la Federaci\u00f3n Argentina de la Magistratura, los Colegios de Abogados y Escribanos, y de la Facultad de Derecho de la Universidad Nacional del Nordeste.&nbsp;<\/p>\n\n\n\n<p><em>Ver galer\u00eda de fotos a continuaci\u00f3n, en \u00abRelacionados\u00bb<\/em><\/p>\n","protected":false},"excerpt":{"rendered":"<p>Con motivo de celebrarse el D\u00eda del Magistrado y la Funci\u00f3n Judicial, el pasado s\u00e1bado el Colegio ofreci\u00f3 una fiesta a sus asociados en Espacio Andes, sito Av. Maip\u00fa al 3800. M\u00e1s de 300 personas asistieron al evento que adem\u00e1s cont\u00f3 con el acompa\u00f1amiento de autoridades del Superior Tribunal de Justicia, de la Federaci\u00f3n Argentina de la Magistratura, los Colegios [&hellip;]<\/p>\n","protected":false},"author":1,"featured_media":4084,"comment_status":"closed","ping_status":"open","sticky":false,"template":"","format":"standard","meta":{"ngg_post_thumbnail":0},"categories":[13],"tags":[],"_links":{"self":[{"href":"https:\/\/magistradoscorrientes.com\/magistrados\/wp-json\/wp\/v2\/posts\/4053"}],"collection":[{"href":"https:\/\/magistradoscorrientes.com\/magistrados\/wp-json\/wp\/v2\/posts"}],"about":[{"href":"https:\/\/magistradoscorrientes.com\/magistrados\/wp-json\/wp\/v2\/types\/post"}],"author":[{"embeddable":true,"href":"https:\/\/magistradoscorrientes.com\/magistrados\/wp-json\/wp\/v2\/users\/1"}],"replies":[{"embeddable":true,"href":"https:\/\/magistradoscorrientes.com\/magistrados\/wp-json\/wp\/v2\/comments?post=4053"}],"version-history":[{"count":1,"href":"https:\/\/magistradoscorrientes.com\/magistrados\/wp-json\/wp\/v2\/posts\/4053\/revisions"}],"predecessor-version":[{"id":4085,"href":"https:\/\/magistradoscorrientes.com\/magistrados\/wp-json\/wp\/v2\/posts\/4053\/revisions\/4085"}],"wp:featuredmedia":[{"embeddable":true,"href":"https:\/\/magistradoscorrientes.com\/magistrados\/wp-json\/wp\/v2\/media\/4084"}],"wp:attachment":[{"href":"https:\/\/magistradoscorrientes.com\/magistrados\/wp-json\/wp\/v2\/media?parent=4053"}],"wp:term":[{"taxonomy":"category","embeddable":true,"href":"https:\/\/magistradoscorrientes.com\/magistrados\/wp-json\/wp\/v2\/categories?post=4053"},{"taxonomy":"post_tag","embeddable":true,"href":"https:\/\/magistradoscorrientes.com\/magistrados\/wp-json\/wp\/v2\/tags?post=4053"}],"curies":[{"name":"wp","href":"https:\/\/api.w.org\/{rel}","templated":true}]}}