{"id":4055,"date":"2018-09-18T18:14:21","date_gmt":"2018-09-18T21:14:21","guid":{"rendered":"http:\/\/magistradoscorrientes.com\/magistrados\/?p=4055"},"modified":"2020-11-16T19:51:52","modified_gmt":"2020-11-16T22:51:52","slug":"asamblea-de-fam-en-resistencia","status":"publish","type":"post","link":"https:\/\/magistradoscorrientes.com\/magistrados\/asamblea-de-fam-en-resistencia\/","title":{"rendered":"Asamblea de FAM en Resistencia"},"content":{"rendered":"\n<p>Asamblea de FAM en Resistencia<\/p>\n\n\n\n<p>Los d\u00edas 13 y 14 de septiembre tuvo lugar en la ciudad de Resistencia la 106\u00b0 Asamblea de Junta de Gobierno de la Federaci\u00f3n Argentina de la Magistratura y la Funci\u00f3n Judicial, presidida por el Dr. Ariel Ariza.<br>El encuentro inici\u00f3 con la presentaci\u00f3n del informe de Presidencia donde se destacaron las acciones realizadas durante el \u00faltimo per\u00edodo, principalmente en cuanto a labor acad\u00e9mica e institucional. All\u00ed se realiz\u00f3 un balance de los cursos virtuales de capacitaci\u00f3n \u2013de Ni\u00f1ez, ya en ejecuci\u00f3n, y de G\u00e9nero, pr\u00f3ximo a iniciarse- y se anunci\u00f3 que luego se realizar\u00e1n capacitaciones con esta modalidad en otros temas como ser: procesal penal, \u00e9tica, derechos del consumidor, entre otros.<br>Por otra parte, se coment\u00f3 sobre la exitosa primera edici\u00f3n de las jornadas deportivas que se concretaron en Mar del Plata a fines de agosto en colaboraci\u00f3n con AMJA y la Asociaci\u00f3n de Jueces Paraguayos, y se adelant\u00f3 que las mismas se continuar\u00e1n realizando.<br>Asimismo, se record\u00f3 que se encuentra vigente el concurso de fotograf\u00eda de FAM (ver info. aqu\u00ed https:\/\/goo.gl\/yzdQRU) y que el plazo de entrega de art\u00edculos sobre \u201cReformas procesales\u201d y \u201cAsociacionismo\u201d \u2013de autor\u00eda de asociados para ser publicados en el Anuario de FAM-, fue extendido hasta fines de octubre.<br>Adem\u00e1s, en el marco de la Asamblea, se resolvi\u00f3 que las Jornadas Cient\u00edficas de la Magistratura se realizar\u00e1n en Buenos Aires el a\u00f1o pr\u00f3ximo durante el mes de junio, mientras que para el Congreso Nacional de Secretarios se defini\u00f3 como sede la ciudad de Ushuaia en el mes de septiembre.<br>En otro punto del Orden del D\u00eda, se dio tratamiento a Impuestos a las Ganancias respecto de lo cual se abri\u00f3 la posibilidad de consultar a constitucionalistas de prestigio para que brinden opini\u00f3n respecto del tema, a fin de facilitar asesoramiento a asociados que inicien acciones judiciales ante eventuales descuentos.<br>Tambi\u00e9n se hizo referencia al protocolo de medidas m\u00ednimas para la seguridad y protecci\u00f3n judicial de la Federaci\u00f3n Latinoamericana de Magistrados, a ra\u00edz de los atentados sufridos por los jueces de Rosario, intervinientes en casos de narcotr\u00e1fico.<br>Por su parte, cada una de las provincias realiz\u00f3 su informe, de los cuales surgi\u00f3 la Declaraci\u00f3n de FAM \u2013ver adjunto-, y las asociaciones de Chubut y R\u00edo Negro invitaron a los eventos por las celebraciones de su cincuentenario.<\/p>\n\n\n\n<p>Trabajo con otras instituciones<br>En ocasi\u00f3n de la Asamblea, se recibi\u00f3 la visita de la Dra. Mar\u00eda del Carmen Battaini, presidente de la JUFEJUS con quien se acord\u00f3 la necesidad de establecer canales de comunicaci\u00f3n y fijar protocolos de acci\u00f3n para el manejo de la informaci\u00f3n a nivel nacional y para conocer la situaci\u00f3n en cada provincia.&nbsp;<br>En ese camino, se se\u00f1al\u00f3 la importancia de contar con los Superiores Tribunales y las Cortes provinciales como aliados estrat\u00e9gicos de las asociaciones para hacer saber sobre el trabajo judicial que la sociedad desconoce.<br>Por otra parte, se firm\u00f3 un convenio de colaboraci\u00f3n con la Asociaci\u00f3n de Magistrados y Funcionarios del Ministerio&nbsp; P\u00fablico de la Defensa de la Rep\u00fablica Argentina (ADEPRA), representado por su presidenta Mar\u00eda Lorena Gonz\u00e1lez Castro Feij\u00f3.<\/p>\n","protected":false},"excerpt":{"rendered":"<p>Asamblea de FAM en Resistencia Los d\u00edas 13 y 14 de septiembre tuvo lugar en la ciudad de Resistencia la 106\u00b0 Asamblea de Junta de Gobierno de la Federaci\u00f3n Argentina de la Magistratura y la Funci\u00f3n Judicial, presidida por el Dr. Ariel Ariza.El encuentro inici\u00f3 con la presentaci\u00f3n del informe de Presidencia donde se destacaron las acciones realizadas durante el [&hellip;]<\/p>\n","protected":false},"author":1,"featured_media":4086,"comment_status":"closed","ping_status":"open","sticky":false,"template":"","format":"standard","meta":{"ngg_post_thumbnail":0},"categories":[13],"tags":[],"_links":{"self":[{"href":"https:\/\/magistradoscorrientes.com\/magistrados\/wp-json\/wp\/v2\/posts\/4055"}],"collection":[{"href":"https:\/\/magistradoscorrientes.com\/magistrados\/wp-json\/wp\/v2\/posts"}],"about":[{"href":"https:\/\/magistradoscorrientes.com\/magistrados\/wp-json\/wp\/v2\/types\/post"}],"author":[{"embeddable":true,"href":"https:\/\/magistradoscorrientes.com\/magistrados\/wp-json\/wp\/v2\/users\/1"}],"replies":[{"embeddable":true,"href":"https:\/\/magistradoscorrientes.com\/magistrados\/wp-json\/wp\/v2\/comments?post=4055"}],"version-history":[{"count":1,"href":"https:\/\/magistradoscorrientes.com\/magistrados\/wp-json\/wp\/v2\/posts\/4055\/revisions"}],"predecessor-version":[{"id":4087,"href":"https:\/\/magistradoscorrientes.com\/magistrados\/wp-json\/wp\/v2\/posts\/4055\/revisions\/4087"}],"wp:featuredmedia":[{"embeddable":true,"href":"https:\/\/magistradoscorrientes.com\/magistrados\/wp-json\/wp\/v2\/media\/4086"}],"wp:attachment":[{"href":"https:\/\/magistradoscorrientes.com\/magistrados\/wp-json\/wp\/v2\/media?parent=4055"}],"wp:term":[{"taxonomy":"category","embeddable":true,"href":"https:\/\/magistradoscorrientes.com\/magistrados\/wp-json\/wp\/v2\/categories?post=4055"},{"taxonomy":"post_tag","embeddable":true,"href":"https:\/\/magistradoscorrientes.com\/magistrados\/wp-json\/wp\/v2\/tags?post=4055"}],"curies":[{"name":"wp","href":"https:\/\/api.w.org\/{rel}","templated":true}]}}