{"id":4056,"date":"2018-09-21T18:14:21","date_gmt":"2018-09-21T21:14:21","guid":{"rendered":"http:\/\/magistradoscorrientes.com\/magistrados\/?p=4056"},"modified":"2020-11-16T19:37:25","modified_gmt":"2020-11-16T22:37:25","slug":"la-comision-directiva-recibio-a-secretarios-preocupados-por-la-defensa-de-la-funcion-judicial","status":"publish","type":"post","link":"https:\/\/magistradoscorrientes.com\/magistrados\/la-comision-directiva-recibio-a-secretarios-preocupados-por-la-defensa-de-la-funcion-judicial\/","title":{"rendered":"La Comisi\u00f3n Directiva recibi\u00f3 a secretarios preocupados por la defensa de la Funci\u00f3n Judicial"},"content":{"rendered":"\n<p>El pasado martes un grupo de Secretarios asociados del Colegio se reunieron con integrantes de la Comisi\u00f3n Directiva, a fin de mantener un di\u00e1logo con respecto a la posici\u00f3n que adoptar\u00e1 el Colegio habiendo finalizado el juicio pol\u00edtico a la Dra Ferreyra.\u00a0<br>Durante la conversaci\u00f3n se puso de manifiesto el descontento ante la decisi\u00f3n de no tomar partido por ninguna de las partes en el conflicto y por la falta de manifestaci\u00f3n p\u00fablica en defensa de los secretarios descalificados durante el juicio. Asimismo, entre otros temas, se solicit\u00f3 que el Colegio se expida sobre la violencia laboral en el \u00e1mbito judicial y se adopten medidas al respecto, para concluir con la presentaci\u00f3n de una nota peticionando en consecuencia, rubric\u00e1ndola numerosos asociados y no asociados.<br>Desde el Colegio se expres\u00f3 que la posici\u00f3n equidistante e imparcial fue tomada con anterioridad al proceso, fundada en que ambas partes del conflicto eran asociadas, y se aclar\u00f3 que una vez concluida la actuaci\u00f3n del jury la conducci\u00f3n se enfoc\u00f3 en agilizar la b\u00fasqueda de mecanismos id\u00f3neos para la soluci\u00f3n de los conflictos, requiriendo ayuda a profesionales expertos y trazando a la fecha un plan de acci\u00f3n.<br>La reuni\u00f3n ha generado un importante intercambio de opiniones y se han aportado interesantes ideas para colaborar en la detecci\u00f3n temprana del conflicto y en la elaboraci\u00f3n de un protocolo de actuaci\u00f3n que permita trabajar en la prevenci\u00f3n de la conflictividad, lo que se sumar\u00e1 a las actividades a implementarse pr\u00f3ximamente bajo la direcci\u00f3n de los profesionales.<br>Desde el Colegio se agradece la presencia de los secretarios que se acercaron a plantear sus preocupaciones ante un tema crucial como es la dignidad en el ejercicio de la funci\u00f3n judicial y el respeto por las personas que la desempe\u00f1an. Asimismo, se destaca la participaci\u00f3n de asociados de m\u00e1s de veinte a\u00f1os junto a j\u00f3venes que reci\u00e9n ingresaron al Colegio, peticionando en el mismo sentido, y no s\u00f3lo expresando disconformidad sino ofreciendo colaboraci\u00f3n para trabajar en la prevenci\u00f3n y tratamiento de los conflictos.<br>A efectos de facilitar el conocimiento del contenido de la nota presentada a los vocales titulares, se remitir\u00e1 copia escaneada de la misma v\u00eda correo electr\u00f3nico, para luego a ser tratada en la pr\u00f3xima reuni\u00f3n de Comisi\u00f3n Directiva.<\/p>\n","protected":false},"excerpt":{"rendered":"<p>El pasado martes un grupo de Secretarios asociados del Colegio se reunieron con integrantes de la Comisi\u00f3n Directiva, a fin de mantener un di\u00e1logo con respecto a la posici\u00f3n que adoptar\u00e1 el Colegio habiendo finalizado el juicio pol\u00edtico a la Dra Ferreyra.\u00a0Durante la conversaci\u00f3n se puso de manifiesto el descontento ante la decisi\u00f3n de no tomar partido por ninguna de [&hellip;]<\/p>\n","protected":false},"author":1,"featured_media":4080,"comment_status":"closed","ping_status":"open","sticky":false,"template":"","format":"standard","meta":{"ngg_post_thumbnail":0},"categories":[13],"tags":[],"_links":{"self":[{"href":"https:\/\/magistradoscorrientes.com\/magistrados\/wp-json\/wp\/v2\/posts\/4056"}],"collection":[{"href":"https:\/\/magistradoscorrientes.com\/magistrados\/wp-json\/wp\/v2\/posts"}],"about":[{"href":"https:\/\/magistradoscorrientes.com\/magistrados\/wp-json\/wp\/v2\/types\/post"}],"author":[{"embeddable":true,"href":"https:\/\/magistradoscorrientes.com\/magistrados\/wp-json\/wp\/v2\/users\/1"}],"replies":[{"embeddable":true,"href":"https:\/\/magistradoscorrientes.com\/magistrados\/wp-json\/wp\/v2\/comments?post=4056"}],"version-history":[{"count":1,"href":"https:\/\/magistradoscorrientes.com\/magistrados\/wp-json\/wp\/v2\/posts\/4056\/revisions"}],"predecessor-version":[{"id":4081,"href":"https:\/\/magistradoscorrientes.com\/magistrados\/wp-json\/wp\/v2\/posts\/4056\/revisions\/4081"}],"wp:featuredmedia":[{"embeddable":true,"href":"https:\/\/magistradoscorrientes.com\/magistrados\/wp-json\/wp\/v2\/media\/4080"}],"wp:attachment":[{"href":"https:\/\/magistradoscorrientes.com\/magistrados\/wp-json\/wp\/v2\/media?parent=4056"}],"wp:term":[{"taxonomy":"category","embeddable":true,"href":"https:\/\/magistradoscorrientes.com\/magistrados\/wp-json\/wp\/v2\/categories?post=4056"},{"taxonomy":"post_tag","embeddable":true,"href":"https:\/\/magistradoscorrientes.com\/magistrados\/wp-json\/wp\/v2\/tags?post=4056"}],"curies":[{"name":"wp","href":"https:\/\/api.w.org\/{rel}","templated":true}]}}