{"id":4069,"date":"2018-09-25T19:30:36","date_gmt":"2018-09-25T22:30:36","guid":{"rendered":"http:\/\/magistradoscorrientes.com\/magistrados\/?p=4069"},"modified":"2020-11-16T19:36:28","modified_gmt":"2020-11-16T22:36:28","slug":"corrientes-marco-presencia-en-el-xii-congreso-nacional-del-secretariado","status":"publish","type":"post","link":"https:\/\/magistradoscorrientes.com\/magistrados\/corrientes-marco-presencia-en-el-xii-congreso-nacional-del-secretariado\/","title":{"rendered":"Corrientes marc\u00f3 presencia en el XII Congreso Nacional del Secretariado"},"content":{"rendered":"\n<p>Durante los d\u00edas 13 y 14 de septiembre se desarroll\u00f3 en el Centro de Convenciones Gala de la ciudad de Resistencia el XII Congreso Nacional del Secretariado Judicial y del Ministerio P\u00fablico. M\u00e1s de 300 participantes de 22 provincias asistieron al evento, siendo Corrientes la delegaci\u00f3n m\u00e1s numerosa con 90 representantes.<\/p>\n\n\n\n<p>El Congreso se desarroll\u00f3 a lo largo de dos jornadas cargadas de actividades que dieron inicio con la apertura a cargo del presidente de la Federaci\u00f3n Argentina de la Magistratura y la Funci\u00f3n Judicial (FAM), Ariel Ariza;&nbsp; el presidente del Superior Tribunal de Justicia del Chaco Rolando Toledo; el Gobernador de Chaco, Domingo Peppo; la Presidenta de la Legislatura, Elida Cuesta y el Presidente de la Asociaci\u00f3n de Magistrados y Funcionarios del Chaco (AMFCh), Gustavo Serrano.<\/p>\n\n\n\n<p>En la ocasi\u00f3n, el presidente de FAM destac\u00f3 que \u201ceste es un a\u00f1o singular por varios motivos y es central el debate sobre las relaciones de los sistemas judiciales con la sociedad. Las provincias llevaron a cabo las reformas reclamadas y las pusieron en vigencia como la incorporaci\u00f3n de nuevas tecnolog\u00edas, una mirada con perspectiva de g\u00e9nero que marca un verdadero reconocimiento de igualdad en las estructuras del Poder Judicial, la capacitaci\u00f3n de los recursos humanos, entre otras\u201d.<\/p>\n\n\n\n<p>Por otra parte, sostuvo que \u201cNo podemos soslayar este momento de crisis, y como operadores de los sistemas judiciales nos obliga a estar atentos a lo que est\u00e1 ocurriendo, porque sabemos que en los momentos de dificultados econ\u00f3micas y sociales, los poderes judiciales son interpelados. Y tenemos que decirlo: son interpelados e hist\u00f3ricamente han dado respuestas que no se encontraron ni en los libros ni en otras instituciones de la sociedad, s\u00f3lo voy a mencionar la severa crisis que atraves\u00f3 nuestro pa\u00eds en el a\u00f1o 2002 en donde se encontr\u00f3 en los tribunales de justicia respuestas a cantidad de necesidades que se presentaban en la ciudadan\u00eda\u201d.<\/p>\n\n\n\n<p>En las dos jornadas de debate, reflexiones y puesta en com\u00fan de la problem\u00e1tica cotidiana a la que se enfrentan los operadores de justicia de todo el pa\u00eds, los asistentes participaron de diferentes comisiones de trabajo y oficiaron de oyentes de una serie de conferencias de especialistas y referentes de todo el \u00e1mbito judicial argentino sobre tres grandes ejes: Asociacionismo, Escuela Judicial, Gesti\u00f3n y Condiciones Laborales (Ver las conclusiones en archivo adjunto).<\/p>\n\n\n\n<p>Cabe mencionar que la presidente del Colegio de Magistrados de Corrientes, la Dra. Luz Gabriela Masferrer, particip\u00f3 como miembro del panel N\u00ba1 sobre la tem\u00e1tica de&nbsp; Asociacionismo, junto a su par rionegrino,&nbsp; Dr. H\u00e9ctor Leguizam\u00f3n Pondal y la Dra. Rosario Auge del Centro de Estudios Judiciales del Chaco.<\/p>\n\n\n\n<p>En paralelo al Congreso se realiz\u00f3 la 106\u00b0 Junta de Gobierno de la FAM y la Reuni\u00f3n de la Comisi\u00f3n Nacional de Secretarios, tras lo cual se determin\u00f3 que el pr\u00f3ximo Congreso Nacional del Secretariado Judicial y del Ministerio P\u00fablico se realizar\u00e1 en la ciudad de Ushuaia, provincia de Tierra del Fuego, los d\u00edas 12 y 13 de septiembre del a\u00f1o 2019.<\/p>\n","protected":false},"excerpt":{"rendered":"<p>Durante los d\u00edas 13 y 14 de septiembre se desarroll\u00f3 en el Centro de Convenciones Gala de la ciudad de Resistencia el XII Congreso Nacional del Secretariado Judicial y del Ministerio P\u00fablico. M\u00e1s de 300 participantes de 22 provincias asistieron al evento, siendo Corrientes la delegaci\u00f3n m\u00e1s numerosa con 90 representantes. El Congreso se desarroll\u00f3 a lo largo de dos [&hellip;]<\/p>\n","protected":false},"author":1,"featured_media":4078,"comment_status":"closed","ping_status":"open","sticky":false,"template":"","format":"standard","meta":{"ngg_post_thumbnail":0},"categories":[13],"tags":[],"_links":{"self":[{"href":"https:\/\/magistradoscorrientes.com\/magistrados\/wp-json\/wp\/v2\/posts\/4069"}],"collection":[{"href":"https:\/\/magistradoscorrientes.com\/magistrados\/wp-json\/wp\/v2\/posts"}],"about":[{"href":"https:\/\/magistradoscorrientes.com\/magistrados\/wp-json\/wp\/v2\/types\/post"}],"author":[{"embeddable":true,"href":"https:\/\/magistradoscorrientes.com\/magistrados\/wp-json\/wp\/v2\/users\/1"}],"replies":[{"embeddable":true,"href":"https:\/\/magistradoscorrientes.com\/magistrados\/wp-json\/wp\/v2\/comments?post=4069"}],"version-history":[{"count":1,"href":"https:\/\/magistradoscorrientes.com\/magistrados\/wp-json\/wp\/v2\/posts\/4069\/revisions"}],"predecessor-version":[{"id":4079,"href":"https:\/\/magistradoscorrientes.com\/magistrados\/wp-json\/wp\/v2\/posts\/4069\/revisions\/4079"}],"wp:featuredmedia":[{"embeddable":true,"href":"https:\/\/magistradoscorrientes.com\/magistrados\/wp-json\/wp\/v2\/media\/4078"}],"wp:attachment":[{"href":"https:\/\/magistradoscorrientes.com\/magistrados\/wp-json\/wp\/v2\/media?parent=4069"}],"wp:term":[{"taxonomy":"category","embeddable":true,"href":"https:\/\/magistradoscorrientes.com\/magistrados\/wp-json\/wp\/v2\/categories?post=4069"},{"taxonomy":"post_tag","embeddable":true,"href":"https:\/\/magistradoscorrientes.com\/magistrados\/wp-json\/wp\/v2\/tags?post=4069"}],"curies":[{"name":"wp","href":"https:\/\/api.w.org\/{rel}","templated":true}]}}