{"id":4089,"date":"2018-09-11T19:51:57","date_gmt":"2018-09-11T22:51:57","guid":{"rendered":"http:\/\/magistradoscorrientes.com\/magistrados\/?p=4089"},"modified":"2020-11-16T19:54:45","modified_gmt":"2020-11-16T22:54:45","slug":"inauguracion-de-las-remodelaciones-del-quincho","status":"publish","type":"post","link":"https:\/\/magistradoscorrientes.com\/magistrados\/inauguracion-de-las-remodelaciones-del-quincho\/","title":{"rendered":"Inauguraci\u00f3n de las remodelaciones del quincho"},"content":{"rendered":"\n<p>En el marco de las actividades organizadas por el Colegio, de cara al D\u00eda del Magistrado y la Funci\u00f3n Judicial, el pasado viernes 7 tuvo lugar la inauguraci\u00f3n de las obras de refacci\u00f3n y ampliaci\u00f3n del quincho de la sede de calle Buenos Aires 780.<br>Miembros de Comisi\u00f3n Directiva, asociados de Capital y del interior participaron de la actividad en la que compartieron un asado a la tabla y brindis en un grato momento de camarader\u00eda. Adem\u00e1s, acompa\u00f1aron el evento los ministros del Superior Tribunal de Justicia, Dres. Alejandro Cha\u00edn y Eduardo Panseri, y la diputada provincial Alejandra Seward.<br>De esta manera quedaron inaugurados los trabajos de ampliaci\u00f3n del espacio, recambio del piso, pintura, nuevas aberturas, nuevo sistema de desag\u00fces y reparaci\u00f3n del techo. Tambi\u00e9n se procedi\u00f3 a refuncionalizar el patio interno de ese sector con piso, luces y una peque\u00f1a zona de jard\u00edn.<\/p>\n\n\n\n<p>* Ver galer\u00eda de fotos de la inauguraci\u00f3n en&nbsp;<a href=\"http:\/\/127.0.0.1\/notix\/noticia\/00838\/979\/%22https:\/\/goo.gl\/zv5cWH%22\">https:\/\/goo.gl\/zv5cWH<\/a><\/p>\n","protected":false},"excerpt":{"rendered":"<p>En el marco de las actividades organizadas por el Colegio, de cara al D\u00eda del Magistrado y la Funci\u00f3n Judicial, el pasado viernes 7 tuvo lugar la inauguraci\u00f3n de las obras de refacci\u00f3n y ampliaci\u00f3n del quincho de la sede de calle Buenos Aires 780.Miembros de Comisi\u00f3n Directiva, asociados de Capital y del interior participaron de la actividad en la [&hellip;]<\/p>\n","protected":false},"author":1,"featured_media":4098,"comment_status":"closed","ping_status":"open","sticky":false,"template":"","format":"standard","meta":{"ngg_post_thumbnail":0},"categories":[13],"tags":[],"_links":{"self":[{"href":"https:\/\/magistradoscorrientes.com\/magistrados\/wp-json\/wp\/v2\/posts\/4089"}],"collection":[{"href":"https:\/\/magistradoscorrientes.com\/magistrados\/wp-json\/wp\/v2\/posts"}],"about":[{"href":"https:\/\/magistradoscorrientes.com\/magistrados\/wp-json\/wp\/v2\/types\/post"}],"author":[{"embeddable":true,"href":"https:\/\/magistradoscorrientes.com\/magistrados\/wp-json\/wp\/v2\/users\/1"}],"replies":[{"embeddable":true,"href":"https:\/\/magistradoscorrientes.com\/magistrados\/wp-json\/wp\/v2\/comments?post=4089"}],"version-history":[{"count":1,"href":"https:\/\/magistradoscorrientes.com\/magistrados\/wp-json\/wp\/v2\/posts\/4089\/revisions"}],"predecessor-version":[{"id":4099,"href":"https:\/\/magistradoscorrientes.com\/magistrados\/wp-json\/wp\/v2\/posts\/4089\/revisions\/4099"}],"wp:featuredmedia":[{"embeddable":true,"href":"https:\/\/magistradoscorrientes.com\/magistrados\/wp-json\/wp\/v2\/media\/4098"}],"wp:attachment":[{"href":"https:\/\/magistradoscorrientes.com\/magistrados\/wp-json\/wp\/v2\/media?parent=4089"}],"wp:term":[{"taxonomy":"category","embeddable":true,"href":"https:\/\/magistradoscorrientes.com\/magistrados\/wp-json\/wp\/v2\/categories?post=4089"},{"taxonomy":"post_tag","embeddable":true,"href":"https:\/\/magistradoscorrientes.com\/magistrados\/wp-json\/wp\/v2\/tags?post=4089"}],"curies":[{"name":"wp","href":"https:\/\/api.w.org\/{rel}","templated":true}]}}