{"id":4090,"date":"2018-09-11T19:52:00","date_gmt":"2018-09-11T22:52:00","guid":{"rendered":"http:\/\/magistradoscorrientes.com\/magistrados\/?p=4090"},"modified":"2020-11-16T19:55:42","modified_gmt":"2020-11-16T22:55:42","slug":"conclusiones-de-las-jornadas-preparatorias-de-los-secretarios-judiciales-y-del-ministerio-publico","status":"publish","type":"post","link":"https:\/\/magistradoscorrientes.com\/magistrados\/conclusiones-de-las-jornadas-preparatorias-de-los-secretarios-judiciales-y-del-ministerio-publico\/","title":{"rendered":"Conclusiones de las Jornadas Preparatorias de los Secretarios Judiciales y del Ministerio P\u00fablico"},"content":{"rendered":"\n<p>De cara al Congreso Nacional de Secretarios que tendr\u00e1 lugar los d\u00edas jueves 13 y viernes 14 de septiembre en la ciudad de Resistencia, funcionarios judiciales y del Ministerio P\u00fablico de toda la provincia se reunieron el pasado viernes en las Jornadas Preparatorias organizadas por la Comisi\u00f3n de Secretarios del Colegio de Magistrados.<br>Los asistentes debatieron en torno a tres ejes: Asociacionismo; Gesti\u00f3n, rol y funciones; y Condiciones laborales y ganancias. Tras varias horas de di\u00e1logo e intercambio en las distintas comisiones elaboraron un documento con las conclusiones que ser\u00e1n presentadas en el Congreso Nacional.<\/p>\n\n\n\n<p>Comisi\u00f3n N\u00b0 1<br>Mantener la conformaci\u00f3n actual de la Comisi\u00f3n Directiva en el 30% de secretarios y funcionarios representados con voz y voto en la misma.<br>Reiteramos la necesidad de retornar al sistema anterior de la Escuela Judicial para la capacitaci\u00f3n de los empleados, coloc\u00e1ndose a disposici\u00f3n la Comisi\u00f3n de Secretarios del Colegio de Magistrados y Funcionarios de la provincia a participar en la formaci\u00f3n de cursos para el a\u00f1o venidero. Subsidiariamente a la implementaci\u00f3n del sistema, solicitamos la realizaci\u00f3n de cursos de Formaci\u00f3n en Gesti\u00f3n Judicial para capacitadores. Sin perjuicio de la gesti\u00f3n interna que cada oficina judicial requiera.<br>Proponemos la presentaci\u00f3n de un Amparo colectivo con la finalidad de que judicialmente se otorgue a los secretarios la posibilidad de optar la obra social, al igual que los magistrados con basamento en el principio de equidad de trato.<br>Sostenemos y bregamos por el cumplimiento del esp\u00edritu del Acdo. 06 que plasm\u00f3 el respeto a la carrera judicial de los funcionarios judiciales.<br>Entendemos que a trav\u00e9s de la Comisi\u00f3n Nacional de Secretarios, debe solicitarse la conformaci\u00f3n de una Secretar\u00eda en FAM encargada de velar por el seguimiento y cumplimiento de las conclusiones de los Congresos Nacionales en cada provincia. Como as\u00ed tambi\u00e9n de la implementaci\u00f3n en todas las provincias de una Oficina encargada de conflictos laborales.<\/p>\n\n\n\n<p>Comisi\u00f3n N\u00b0 2<br>Propugnamos por la implementaci\u00f3n del expediente digital y la notificaci\u00f3n electr\u00f3nica de las partes. En caso de transici\u00f3n se solicita desde ya, los recursos t\u00e9cnicos necesarios (skanner, equipos inform\u00e1ticos adecuados, softwares, etc.).&nbsp;<br>Se contin\u00fae con las \u00f3rdenes de pagos electr\u00f3nicas y cheques debido a que es palmaria la agilizaci\u00f3n de los tr\u00e1mites y la optimizaci\u00f3n del tiempo siendo beneficioso para el justiciable.&nbsp;<br>Solicitamos la posibilidad de implementaci\u00f3n de c\u00e1maras de filmaci\u00f3n para los mostradores de los juzgados en cada dependencia, en resguardo de los expedientes y de la responsabilidad objetiva de nuestra funci\u00f3n.<br>Reiteramos el pedido de la revalorizaci\u00f3n de la funci\u00f3n judicial que ejerce el secretario, a diferencia de otros auxiliares de la justicia, debi\u00e9ndose hacer efectivo el adicional previsto en el Acdo. N\u00b0 06\/15 para todos los Secretarios, sin distinci\u00f3n de fueros, instancias, circunscripciones, ni funciones.<br>REITERAMOS LA CONCLUSION DE LA JORNADA PREPARATORIA CHACO\/CORRIENTES 2015, en cuanto a la posibilidad de participaci\u00f3n de los secretarios, en opini\u00f3n o sugerencias previo a cada implementaci\u00f3n de nuevas gestiones, o sistemas procesales, se consulte, o se permita brindar una opini\u00f3n a los secretarios que somos quienes realizamos la funci\u00f3n.<\/p>\n\n\n\n<p>Comisi\u00f3n N\u00b0 3<br>Solicitamos se mantengan las pautas fijadas, en relaci\u00f3n al impuesto a las ganancias, en el Acdo. Extraordinario N\u00b0 06\/2014 del STJ, respet\u00e1ndose la autonom\u00eda provincial.<br>Proponemos la formaci\u00f3n en la \u00f3rbita del STJ de una Oficina encargada de los Conflictos Laborales, de prevenci\u00f3n y contenci\u00f3n de posibles inconvenientes que se puedan suscitar entre magistrados y\/o funcionarios, y\/ o empleados, a trav\u00e9s de un equipo interdisciplinario adecuado, y en casos de imposibilidad de mediaci\u00f3n en el conflicto, se encargue del inmediato traslado del secretario o funcionario involucrado garantizando para que pueda brindar un eficaz servicio de justicia. Ello como pol\u00edtica institucional del poder judicial.&nbsp;<br>Requerimos al STJ se trabaje en adelante en base a pol\u00edticas institucionales necesarias y acordes a las necesidades de los justiciables.<br>Instamos la reforma procesal penal en la provincia hacia el sistema acusatorio, con la previsi\u00f3n de toda la infraestructura necesaria.<br>Solicitamos que la licencia por salud de los funcionarios, no afecte el presentismo, pues muchos de ellos deben trasladarse a la Capital para atenci\u00f3n m\u00e9dica, hall\u00e1ndose debidamente justificado por la distancia y por razones de salud.<br>Instamos se retorne al r\u00e9gimen anterior en cuanto al tiempo previsto para las licencias psiqui\u00e1tricas, por ser necesario y \u00fatil.<br>Propiciamos la necesidad de implementaci\u00f3n de un r\u00e9gimen de empleados sustitutos en casos de licencias prolongadas de los mismos, a efectos de que ello no sobrecargue la tarea del secretario.-<\/p>\n\n\n\n<p>* Ver al pie documento completo de Conclusiones<br>* Ver galer\u00eda de fotos de Jornadas en&nbsp;<a href=\"http:\/\/127.0.0.1\/notix\/noticia\/00839\/901\/%22http:\/\/https:\/\/goo.gl\/J1AzUw%22\">http:\/\/https:\/\/goo.gl\/J1AzUw<\/a><\/p>\n","protected":false},"excerpt":{"rendered":"<p>De cara al Congreso Nacional de Secretarios que tendr\u00e1 lugar los d\u00edas jueves 13 y viernes 14 de septiembre en la ciudad de Resistencia, funcionarios judiciales y del Ministerio P\u00fablico de toda la provincia se reunieron el pasado viernes en las Jornadas Preparatorias organizadas por la Comisi\u00f3n de Secretarios del Colegio de Magistrados.Los asistentes debatieron en torno a tres ejes: [&hellip;]<\/p>\n","protected":false},"author":1,"featured_media":4100,"comment_status":"closed","ping_status":"open","sticky":false,"template":"","format":"standard","meta":{"ngg_post_thumbnail":0},"categories":[13],"tags":[],"_links":{"self":[{"href":"https:\/\/magistradoscorrientes.com\/magistrados\/wp-json\/wp\/v2\/posts\/4090"}],"collection":[{"href":"https:\/\/magistradoscorrientes.com\/magistrados\/wp-json\/wp\/v2\/posts"}],"about":[{"href":"https:\/\/magistradoscorrientes.com\/magistrados\/wp-json\/wp\/v2\/types\/post"}],"author":[{"embeddable":true,"href":"https:\/\/magistradoscorrientes.com\/magistrados\/wp-json\/wp\/v2\/users\/1"}],"replies":[{"embeddable":true,"href":"https:\/\/magistradoscorrientes.com\/magistrados\/wp-json\/wp\/v2\/comments?post=4090"}],"version-history":[{"count":1,"href":"https:\/\/magistradoscorrientes.com\/magistrados\/wp-json\/wp\/v2\/posts\/4090\/revisions"}],"predecessor-version":[{"id":4101,"href":"https:\/\/magistradoscorrientes.com\/magistrados\/wp-json\/wp\/v2\/posts\/4090\/revisions\/4101"}],"wp:featuredmedia":[{"embeddable":true,"href":"https:\/\/magistradoscorrientes.com\/magistrados\/wp-json\/wp\/v2\/media\/4100"}],"wp:attachment":[{"href":"https:\/\/magistradoscorrientes.com\/magistrados\/wp-json\/wp\/v2\/media?parent=4090"}],"wp:term":[{"taxonomy":"category","embeddable":true,"href":"https:\/\/magistradoscorrientes.com\/magistrados\/wp-json\/wp\/v2\/categories?post=4090"},{"taxonomy":"post_tag","embeddable":true,"href":"https:\/\/magistradoscorrientes.com\/magistrados\/wp-json\/wp\/v2\/tags?post=4090"}],"curies":[{"name":"wp","href":"https:\/\/api.w.org\/{rel}","templated":true}]}}