{"id":4091,"date":"2018-09-10T19:52:08","date_gmt":"2018-09-10T22:52:08","guid":{"rendered":"http:\/\/magistradoscorrientes.com\/magistrados\/?p=4091"},"modified":"2020-11-16T19:56:54","modified_gmt":"2020-11-16T22:56:54","slug":"martes-11-misa-por-el-dia-del-magistrado-y-la-funcion-judicial","status":"publish","type":"post","link":"https:\/\/magistradoscorrientes.com\/magistrados\/martes-11-misa-por-el-dia-del-magistrado-y-la-funcion-judicial\/","title":{"rendered":"Martes 11: Misa por el Dia del Magistrado y la Funci\u00f3n Judicial"},"content":{"rendered":"\n<p>Este martes 11 de septiembre a las 19.30 Hs. el Colegio ofrecer\u00e1 una Misa en Acci\u00f3n de Gracia con motivo del D\u00eda del Magistrado y la Funci\u00f3n Judicial. La misma tendr\u00e1 lugar en la Parroquia San Francisco Solano, sita calle Mendoza 486.<\/p>\n","protected":false},"excerpt":{"rendered":"<p>Este martes 11 de septiembre a las 19.30 Hs. el Colegio ofrecer\u00e1 una Misa en Acci\u00f3n de Gracia con motivo del D\u00eda del Magistrado y la Funci\u00f3n Judicial. La misma tendr\u00e1 lugar en la Parroquia San Francisco Solano, sita calle Mendoza 486.<\/p>\n","protected":false},"author":1,"featured_media":4102,"comment_status":"closed","ping_status":"open","sticky":false,"template":"","format":"standard","meta":{"ngg_post_thumbnail":0},"categories":[13],"tags":[],"_links":{"self":[{"href":"https:\/\/magistradoscorrientes.com\/magistrados\/wp-json\/wp\/v2\/posts\/4091"}],"collection":[{"href":"https:\/\/magistradoscorrientes.com\/magistrados\/wp-json\/wp\/v2\/posts"}],"about":[{"href":"https:\/\/magistradoscorrientes.com\/magistrados\/wp-json\/wp\/v2\/types\/post"}],"author":[{"embeddable":true,"href":"https:\/\/magistradoscorrientes.com\/magistrados\/wp-json\/wp\/v2\/users\/1"}],"replies":[{"embeddable":true,"href":"https:\/\/magistradoscorrientes.com\/magistrados\/wp-json\/wp\/v2\/comments?post=4091"}],"version-history":[{"count":1,"href":"https:\/\/magistradoscorrientes.com\/magistrados\/wp-json\/wp\/v2\/posts\/4091\/revisions"}],"predecessor-version":[{"id":4103,"href":"https:\/\/magistradoscorrientes.com\/magistrados\/wp-json\/wp\/v2\/posts\/4091\/revisions\/4103"}],"wp:featuredmedia":[{"embeddable":true,"href":"https:\/\/magistradoscorrientes.com\/magistrados\/wp-json\/wp\/v2\/media\/4102"}],"wp:attachment":[{"href":"https:\/\/magistradoscorrientes.com\/magistrados\/wp-json\/wp\/v2\/media?parent=4091"}],"wp:term":[{"taxonomy":"category","embeddable":true,"href":"https:\/\/magistradoscorrientes.com\/magistrados\/wp-json\/wp\/v2\/categories?post=4091"},{"taxonomy":"post_tag","embeddable":true,"href":"https:\/\/magistradoscorrientes.com\/magistrados\/wp-json\/wp\/v2\/tags?post=4091"}],"curies":[{"name":"wp","href":"https:\/\/api.w.org\/{rel}","templated":true}]}}