{"id":4093,"date":"2018-09-09T19:52:17","date_gmt":"2018-09-09T22:52:17","guid":{"rendered":"http:\/\/magistradoscorrientes.com\/magistrados\/?p=4093"},"modified":"2020-11-16T19:59:39","modified_gmt":"2020-11-16T22:59:39","slug":"se-realizo-jornada-sobre-sistema-acusatorio-en-el-proceso-penal","status":"publish","type":"post","link":"https:\/\/magistradoscorrientes.com\/magistrados\/se-realizo-jornada-sobre-sistema-acusatorio-en-el-proceso-penal\/","title":{"rendered":"Se realiz\u00f3 Jornada sobre Sistema Acusatorio en el Proceso Penal"},"content":{"rendered":"\n<p>El doctor Facundo G\u00f3mez Urso, Juez del Tribunal Oral N\u00b0 1 de Mar del Plata, dict\u00f3 una conferencia sobre las ventajas del Sistema Acusatorio en el Proceso Penal, enfatizando en el rol de la acusaci\u00f3n p\u00fablica en cuanto al ofrecimiento y producci\u00f3n de la prueba en el juicio oral.<\/p>\n\n\n\n<p>D\u00edas atr\u00e1s se realiz\u00f3 en la sala de audiencias del Tribunal Oral Penal de Mercedes una jornada de capacitaci\u00f3n sobre Sistema Acusatorio en el Proceso Penal,&nbsp; a cargo del Juez del Tribunal Oral N\u00b0 1 de Mar del Plata, doctor Facundo G\u00f3mez Urso.<\/p>\n\n\n\n<p>El magistrado transmiti\u00f3 a los presentes las ventajas de este sistema,&nbsp; poniendo especial \u00e9nfasis en la necesidad de capacitar a la polic\u00eda, de que el Ministerio Publico establezca la Pol\u00edtica Criminal, en referencia a la aplicaci\u00f3n del principio de oportunidad, y al rol de la acusaci\u00f3n p\u00fablica en lo que atinente al ofrecimiento y producci\u00f3n de la prueba en el juicio oral.<\/p>\n\n\n\n<p>Destac\u00f3 que la misma deb\u00eda producirse \u00edntegramente en el debate oral, aun cuando se tratare de pericias, informes o cualquier otra que pudiere encontrarse documentada en la etapa instructoria.<\/p>\n\n\n\n<p>El disertante tambi\u00e9n refiri\u00f3 a los beneficios de la aplicaci\u00f3n del procedimiento de Flagrancia compartiendo su experiencia y dando respuestas a los numerosos interrogantes formulados por los operadores judiciales presentes que trabajan en la provincia con ese procedimiento.<\/p>\n\n\n\n<p>Finalmente, G\u00f3mez Urso alent\u00f3 a los actores del Poder Judicial a animarse a comenzar con la pronta implementaci\u00f3n del Sistema Acusatorio, al que -desde su experiencia personal- no dud\u00f3 en calificar como el mejor de los sistemas conocidos: \u201cBrindaba m\u00e1s garant\u00edas al imputado y mejor -y m\u00e1s r\u00e1pida- respuesta a la v\u00edctima y a la sociedad, minimizando las adversidades propias de un cambio de paradigma\u201d.<\/p>\n\n\n\n<p>El magistrado fue&nbsp; Fiscal Titular de Instrucci\u00f3n, Juicio y Ejecuci\u00f3n Penal de la Fiscal\u00eda de Delitos en Flagrancia del Departamento Mar del Plata (2006\/2007); fue Fiscal de Instrucci\u00f3n, Juicio y Ejecuci\u00f3n Penal del Departamento Judicial Mar del Plata (2007\/2010) y actualmente es Juez del Tribunal Oral en lo Criminal N\u00b0 1 del Depto. Judicial de Mar del Plata, adem\u00e1s de ser autor de varios libros entre ellos \u201cLey de Flagrancia \u201c; \u201cEl ABC de la Instrucci\u00f3n Penal\u201d; \u201cLa Oralidad en la IPP\u201d; \u201cLey del Arrepentido\u201d;&nbsp; \u201cEl Juicio Oral\u201d, entre otros.<\/p>\n\n\n\n<p>Las jornadas fueron organizadas por el \u00c1rea de Capacitaci\u00f3n del Poder Judicial de Corrientes, con la coordinaci\u00f3n local del Juez del Tribunal Oral Penal de Mercedes, doctor Jorge Troncoso.<\/p>\n\n\n\n<p>Participaron Magistrados, Funcionarios, Abogados y empleados de la ciudad de Mercedes, Curuz\u00fa Cuati\u00e1 y Paso de los Libres. El evento acad\u00e9mico adem\u00e1s fue auspiciado por el Colegio de Abogados de la 3\u00aa Circunscripci\u00f3n y el Colegio de Magistrados y Funcionarios de Corrientes.<\/p>\n\n\n\n<p>Fuente: juscorrientes<\/p>\n","protected":false},"excerpt":{"rendered":"<p>El doctor Facundo G\u00f3mez Urso, Juez del Tribunal Oral N\u00b0 1 de Mar del Plata, dict\u00f3 una conferencia sobre las ventajas del Sistema Acusatorio en el Proceso Penal, enfatizando en el rol de la acusaci\u00f3n p\u00fablica en cuanto al ofrecimiento y producci\u00f3n de la prueba en el juicio oral. D\u00edas atr\u00e1s se realiz\u00f3 en la sala de audiencias del Tribunal [&hellip;]<\/p>\n","protected":false},"author":1,"featured_media":4106,"comment_status":"closed","ping_status":"open","sticky":false,"template":"","format":"standard","meta":{"ngg_post_thumbnail":0},"categories":[13],"tags":[],"_links":{"self":[{"href":"https:\/\/magistradoscorrientes.com\/magistrados\/wp-json\/wp\/v2\/posts\/4093"}],"collection":[{"href":"https:\/\/magistradoscorrientes.com\/magistrados\/wp-json\/wp\/v2\/posts"}],"about":[{"href":"https:\/\/magistradoscorrientes.com\/magistrados\/wp-json\/wp\/v2\/types\/post"}],"author":[{"embeddable":true,"href":"https:\/\/magistradoscorrientes.com\/magistrados\/wp-json\/wp\/v2\/users\/1"}],"replies":[{"embeddable":true,"href":"https:\/\/magistradoscorrientes.com\/magistrados\/wp-json\/wp\/v2\/comments?post=4093"}],"version-history":[{"count":1,"href":"https:\/\/magistradoscorrientes.com\/magistrados\/wp-json\/wp\/v2\/posts\/4093\/revisions"}],"predecessor-version":[{"id":4107,"href":"https:\/\/magistradoscorrientes.com\/magistrados\/wp-json\/wp\/v2\/posts\/4093\/revisions\/4107"}],"wp:featuredmedia":[{"embeddable":true,"href":"https:\/\/magistradoscorrientes.com\/magistrados\/wp-json\/wp\/v2\/media\/4106"}],"wp:attachment":[{"href":"https:\/\/magistradoscorrientes.com\/magistrados\/wp-json\/wp\/v2\/media?parent=4093"}],"wp:term":[{"taxonomy":"category","embeddable":true,"href":"https:\/\/magistradoscorrientes.com\/magistrados\/wp-json\/wp\/v2\/categories?post=4093"},{"taxonomy":"post_tag","embeddable":true,"href":"https:\/\/magistradoscorrientes.com\/magistrados\/wp-json\/wp\/v2\/tags?post=4093"}],"curies":[{"name":"wp","href":"https:\/\/api.w.org\/{rel}","templated":true}]}}