{"id":4094,"date":"2018-09-03T19:52:17","date_gmt":"2018-09-03T22:52:17","guid":{"rendered":"http:\/\/magistradoscorrientes.com\/magistrados\/?p=4094"},"modified":"2020-11-16T20:01:17","modified_gmt":"2020-11-16T23:01:17","slug":"exitosas-primeras-jornadas-deportivas-nacionales-de-funcionarios-y-magistrados","status":"publish","type":"post","link":"https:\/\/magistradoscorrientes.com\/magistrados\/exitosas-primeras-jornadas-deportivas-nacionales-de-funcionarios-y-magistrados\/","title":{"rendered":"Exitosas Primeras Jornadas Deportivas Nacionales de Funcionarios y Magistrados"},"content":{"rendered":"\n<p>Con la presencia de m\u00e1s de 140 operadores judiciales de todo el pa\u00eds y una delegaci\u00f3n de 50 magistradas y magistrados de Paraguay, se llevaron a cabo las primeras jornadas deportivas de la FAM en la ciudad de Mar del Plata y una jornada acad\u00e9mica en la que juristas paraguayos expusieron sobre el funcionamiento del sistema judicial y del Consejo de la Magistratura de su pa\u00eds.<\/p>\n\n\n\n<p>\u201cOrganizar de manera conjunta este Encuentro la Asociaci\u00f3n de Mujeres Jueces de Argentina es la concreci\u00f3n de un anhelo de nuestra instituci\u00f3n. La perspectiva de g\u00e9nero y la formaci\u00f3n son dos pilares que nuestra instituci\u00f3n considera prioritarios. Por eso valoramos especialmente que un militante del asociacionismo judicial como el Dr. Delio Vera Navarro, Presidente de la Asociaci\u00f3n de Jueces del Paraguay, haya invitado a disertantes tan destacados y nos honre con su presencia\u201d, expres\u00f3 Ariel Ariza, presidente de la FAM.general<\/p>\n\n\n\n<p>La presidenta de la AMJA, Susana Medina de Rizzo, fue la encargada de dar la bienvenida a los asistentes. \u201cHace 25 a\u00f1os no se hablaba de la violencia de g\u00e9nero, la igualdad, la equidad, la trata de personas ni del abuso infantil. Con el impulso de la Dra. Carmen Argibay se cre\u00f3 AMJA. Formamos parte de la Federaci\u00f3n Internacional de Mujeres Juezas. Nos reunimos m\u00e1s de 900 juezas de distintos pa\u00edses. La constante entre pa\u00edses tan diversos es la discriminaci\u00f3n por razones de g\u00e9nero y la violencia por razones de g\u00e9nero. Asumimos el compromiso de seguir trabajando, no por nosotras, por las otras, por las que quedaron en el camino y no tuvieron la posibilidad de llegar adonde quer\u00edan\u201d, manifest\u00f3 Medina de Rizzo.<\/p>\n\n\n\n<p>El cierre de la actividad acad\u00e9mica estuvo a cargo de la jueza paraguaya Blanca Gorostiaga Bejarano, quien explic\u00f3 el funcionamiento del sistema penal en su pa\u00eds y de Osvaldo Ferreira, del Consejo de la Magistratura, quien hizo una pormenorizada descripci\u00f3n de los mecanismos de selecci\u00f3n de magistrados. Moder\u00f3 el encuentro acad\u00e9mico, Roberto Guyot, del Poder Judicial de Tucum\u00e1n.<\/p>\n\n\n\n<p>Cabe recordar que las Jornadas Deportivas, se llevar\u00e1n a cabo anualmente en una ciudad a designar por la Junta Federal, incorporando competencias deportivas y recreativas en distintas actividades y disciplinas.<\/p>\n\n\n\n<p>Fuente: www.fam.org.ar<\/p>\n","protected":false},"excerpt":{"rendered":"<p>Con la presencia de m\u00e1s de 140 operadores judiciales de todo el pa\u00eds y una delegaci\u00f3n de 50 magistradas y magistrados de Paraguay, se llevaron a cabo las primeras jornadas deportivas de la FAM en la ciudad de Mar del Plata y una jornada acad\u00e9mica en la que juristas paraguayos expusieron sobre el funcionamiento del sistema judicial y del Consejo [&hellip;]<\/p>\n","protected":false},"author":1,"featured_media":4108,"comment_status":"closed","ping_status":"open","sticky":false,"template":"","format":"standard","meta":{"ngg_post_thumbnail":0},"categories":[13],"tags":[],"_links":{"self":[{"href":"https:\/\/magistradoscorrientes.com\/magistrados\/wp-json\/wp\/v2\/posts\/4094"}],"collection":[{"href":"https:\/\/magistradoscorrientes.com\/magistrados\/wp-json\/wp\/v2\/posts"}],"about":[{"href":"https:\/\/magistradoscorrientes.com\/magistrados\/wp-json\/wp\/v2\/types\/post"}],"author":[{"embeddable":true,"href":"https:\/\/magistradoscorrientes.com\/magistrados\/wp-json\/wp\/v2\/users\/1"}],"replies":[{"embeddable":true,"href":"https:\/\/magistradoscorrientes.com\/magistrados\/wp-json\/wp\/v2\/comments?post=4094"}],"version-history":[{"count":1,"href":"https:\/\/magistradoscorrientes.com\/magistrados\/wp-json\/wp\/v2\/posts\/4094\/revisions"}],"predecessor-version":[{"id":4109,"href":"https:\/\/magistradoscorrientes.com\/magistrados\/wp-json\/wp\/v2\/posts\/4094\/revisions\/4109"}],"wp:featuredmedia":[{"embeddable":true,"href":"https:\/\/magistradoscorrientes.com\/magistrados\/wp-json\/wp\/v2\/media\/4108"}],"wp:attachment":[{"href":"https:\/\/magistradoscorrientes.com\/magistrados\/wp-json\/wp\/v2\/media?parent=4094"}],"wp:term":[{"taxonomy":"category","embeddable":true,"href":"https:\/\/magistradoscorrientes.com\/magistrados\/wp-json\/wp\/v2\/categories?post=4094"},{"taxonomy":"post_tag","embeddable":true,"href":"https:\/\/magistradoscorrientes.com\/magistrados\/wp-json\/wp\/v2\/tags?post=4094"}],"curies":[{"name":"wp","href":"https:\/\/api.w.org\/{rel}","templated":true}]}}