{"id":4095,"date":"2018-09-03T19:52:20","date_gmt":"2018-09-03T22:52:20","guid":{"rendered":"http:\/\/magistradoscorrientes.com\/magistrados\/?p=4095"},"modified":"2020-11-16T20:02:17","modified_gmt":"2020-11-16T23:02:17","slug":"carta-de-fam-tras-las-jornadas-deportivas","status":"publish","type":"post","link":"https:\/\/magistradoscorrientes.com\/magistrados\/carta-de-fam-tras-las-jornadas-deportivas\/","title":{"rendered":"Carta de FAM tras las Jornadas Deportivas"},"content":{"rendered":"\n<p>Estimados colegas.<\/p>\n\n\n\n<p>A pocas horas de concluidas las Primeras Jornadas Deportivas Nacionales de la FAM, y como organizador de las mismas, quiero agradecer la participaci\u00f3n de incontables funcionarios y magistrados, algunos sumando sugerencias, otros aportando soluciones log\u00edsticas y otros, como los presidentes de Rosario, Santa Fe, Entre R\u00edos, C\u00f3rdoba, Tucum\u00e1n y Buenos Aires, nutriendo a estas jornadas con delegaciones deportivas.<\/p>\n\n\n\n<p>Todos ustedes saben que organizar actividades de esta magnitud requiere de incontables horas de trabajo y de la buena predisposici\u00f3n de mucha gente. Lo que se consigui\u00f3 desde el punto de vista log\u00edstico y organizacional fue sorprendente y eso es m\u00e9rito de un grupo muy comprometido. Debo agradecer a todos los presidentes de provincia y CABA, que m\u00e1s all\u00e1 de haber podido estar o no en estas primeras jornadas, han dado su apoyo incondicional en la Junta Federal desde el primer d\u00eda.<\/p>\n\n\n\n<p>El saldo de estas jornadas es sumamente positivo. El marco vivido los d\u00edas pasados fue de mucha alegr\u00eda y solidaridad. Se compiti\u00f3 con lealtad y entusiasmo. No se registr\u00f3 ni un solo incidente, no hubo quejas y s\u00ed permanentes palabras de aliento, de agradecimiento y ofertas generosas de colaboraci\u00f3n. Asistieron m\u00e1s de 160 funcionarios y magistrados, hemos sumado a la AMJA como coorganizadora y a una numerosa delegaci\u00f3n de la Asociaci\u00f3n de Jueces de Paraguay.<\/p>\n\n\n\n<p>Creo que lo m\u00e1s importante es comprobar, una vez m\u00e1s, que podemos so\u00f1ar con proyectos ambiciosos y confiar en nuestras capacidades para alcanzarlos.<\/p>\n\n\n\n<p>Muchas gracias a todos, y los esperamos en las pr\u00f3ximas que ya empezamos a organizar!<\/p>\n\n\n\n<p><em><strong>Claudio Fede<\/strong><\/em><br>Vicepresidente 1\u00b0 de la FAM<\/p>\n","protected":false},"excerpt":{"rendered":"<p>Estimados colegas. A pocas horas de concluidas las Primeras Jornadas Deportivas Nacionales de la FAM, y como organizador de las mismas, quiero agradecer la participaci\u00f3n de incontables funcionarios y magistrados, algunos sumando sugerencias, otros aportando soluciones log\u00edsticas y otros, como los presidentes de Rosario, Santa Fe, Entre R\u00edos, C\u00f3rdoba, Tucum\u00e1n y Buenos Aires, nutriendo a estas jornadas con delegaciones deportivas. [&hellip;]<\/p>\n","protected":false},"author":1,"featured_media":4110,"comment_status":"closed","ping_status":"open","sticky":false,"template":"","format":"standard","meta":{"ngg_post_thumbnail":0},"categories":[13],"tags":[],"_links":{"self":[{"href":"https:\/\/magistradoscorrientes.com\/magistrados\/wp-json\/wp\/v2\/posts\/4095"}],"collection":[{"href":"https:\/\/magistradoscorrientes.com\/magistrados\/wp-json\/wp\/v2\/posts"}],"about":[{"href":"https:\/\/magistradoscorrientes.com\/magistrados\/wp-json\/wp\/v2\/types\/post"}],"author":[{"embeddable":true,"href":"https:\/\/magistradoscorrientes.com\/magistrados\/wp-json\/wp\/v2\/users\/1"}],"replies":[{"embeddable":true,"href":"https:\/\/magistradoscorrientes.com\/magistrados\/wp-json\/wp\/v2\/comments?post=4095"}],"version-history":[{"count":1,"href":"https:\/\/magistradoscorrientes.com\/magistrados\/wp-json\/wp\/v2\/posts\/4095\/revisions"}],"predecessor-version":[{"id":4111,"href":"https:\/\/magistradoscorrientes.com\/magistrados\/wp-json\/wp\/v2\/posts\/4095\/revisions\/4111"}],"wp:featuredmedia":[{"embeddable":true,"href":"https:\/\/magistradoscorrientes.com\/magistrados\/wp-json\/wp\/v2\/media\/4110"}],"wp:attachment":[{"href":"https:\/\/magistradoscorrientes.com\/magistrados\/wp-json\/wp\/v2\/media?parent=4095"}],"wp:term":[{"taxonomy":"category","embeddable":true,"href":"https:\/\/magistradoscorrientes.com\/magistrados\/wp-json\/wp\/v2\/categories?post=4095"},{"taxonomy":"post_tag","embeddable":true,"href":"https:\/\/magistradoscorrientes.com\/magistrados\/wp-json\/wp\/v2\/tags?post=4095"}],"curies":[{"name":"wp","href":"https:\/\/api.w.org\/{rel}","templated":true}]}}