{"id":4117,"date":"2018-08-20T20:02:39","date_gmt":"2018-08-20T23:02:39","guid":{"rendered":"http:\/\/magistradoscorrientes.com\/magistrados\/?p=4117"},"modified":"2020-11-16T20:12:40","modified_gmt":"2020-11-16T23:12:40","slug":"balance-de-reunion-de-comision-directiva-agosto-2018","status":"publish","type":"post","link":"https:\/\/magistradoscorrientes.com\/magistrados\/balance-de-reunion-de-comision-directiva-agosto-2018\/","title":{"rendered":"Balance de Reuni\u00f3n de Comisi\u00f3n Directiva &#8211; Agosto 2018"},"content":{"rendered":"\n<p>El s\u00e1bado 11 de agosto se llev\u00f3 a cabo la reuni\u00f3n de Comisi\u00f3n Directiva en la sede del Colegio, presidida por la Dra. Luz Gabriela Masferrer y con la presencia de los miembros titulares de Capital y de las ciudades de Esquina y Mercedes.<\/p>\n\n\n\n<p>El encuentro inici\u00f3 con el tratamiento de los temas planteados por asociados del interior, ocasi\u00f3n en la que el Dr. Vallejos transmiti\u00f3 inquietudes referidas a sumarios administrativos realizados en la Jurisdicci\u00f3n, como tambi\u00e9n a temas funcionales de la Justicia Penal de la zona. Tambi\u00e9n coment\u00f3 sobre su participaci\u00f3n en la inauguraci\u00f3n del edificio del Juzgado de Paz de Santa Luc\u00eda, donde asisti\u00f3 en representaci\u00f3n del Colegio. Igual representaci\u00f3n llev\u00f3 la Dra. Mar\u00eda Elena Marambio a la inauguraci\u00f3n del Tribunal Oral Penal, en la ciudad de Mercedes. La vocal hizo propicia la oportunidad para reiterar, adem\u00e1s, la necesidad de contar con un m\u00e9dico psiquiatra en la localidad.<\/p>\n\n\n\n<p>Posteriormente, desde Presidencia se dio tratamiento a las notas presentadas y recibidas durante el per\u00edodo julio\/ agosto. Se destac\u00f3 all\u00ed la reiteraci\u00f3n del pedido de audiencia con el Gobernador de la Provincia, y se comentaron las declaraciones \u201cDe Inter\u00e9s\u201d emitidas por el Colegio a la realizaci\u00f3n del Congreso Nacional de Secretarios en Resistencia (Chaco) y al Encuentro Nacional de AMJA. Adem\u00e1s, se comunic\u00f3 el env\u00edo de postulantes a las 2 becas completas y 4 medias becas ofrecidas por FAM para el programa de Profundizaci\u00f3n en Litigaci\u00f3n Oral Penal. Por otra parte, se mencion\u00f3 la Declaraci\u00f3n recibida de parte del Superior Tribunal de Justicia a las Jornadas de \u00c9tica y Comunicaci\u00f3n que se realizaron en el Colegio (organizadas en conjunto con la FAM); y se comunic\u00f3 la respuesta del Alto Cuerpo a notas remitidas por el Colegio -de pedidos de cobertura de cargos y de psiquiatra en la localidad de Curuz\u00fa Cuati\u00e1- en las que se hizo saber lo dispuesto por Acuerdo 20\/18 Punto 8 (llamado a concurso), y que se halla en tr\u00e1mite el proceso de designaci\u00f3n del magistrado para el fuero de Familia.<\/p>\n\n\n\n<p>Tambi\u00e9n se hizo menci\u00f3n al 1\u00b0 Encuentro sobre Sistemas Acusatorios en la Argentina realizado el 4 y 5 de agosto en la ciudad de Concepci\u00f3n del Uruguay, Entre R\u00edos, organizado por FAM y la Asociaci\u00f3n de esa provincia, destacando la participaci\u00f3n de tres asociados del Colegio al evento, quienes aportaron las conclusiones del mismo y se encuentran a disposici\u00f3n de todos en soporte papel en la Secretar\u00eda del Colegio, adem\u00e1s de ser remitidas mediante correo electr\u00f3nico y otros medios de difusi\u00f3n.<\/p>\n\n\n\n<p>Se mencionaron, adem\u00e1s, otras actividades previstas por la FAM: Jornada de \u201cContornos Actuales de la Independencia Judicial\u201d (17 de agosto en Rosario); \u201cJornadas Deportivas Nacionales\u201d que tendr\u00e1n lugar en Mar del Plata del 30 de agosto al 1 de septiembre; y la iniciaci\u00f3n de los Cursos de capacitaciones virtuales sobre ni\u00f1ez y g\u00e9nero, organizados en conjunto con FLACSO. Asimismo, la Dra. Masferrer, record\u00f3 que se encuentra abierta la convocatoria a todos los asociados a presentar art\u00edculos sobre \u201cReformas procesales\u201d y \u201cAsociacionismo\u201d para ser enviados a FAM y as\u00ed formar parte de la Revista- Anuario de la Federaci\u00f3n.<\/p>\n\n\n\n<p>En cuanto a las acciones desarrolladas en el Colegio se hizo referencia, entre otras, a la finalizaci\u00f3n de las obras de refacciones realizadas en el quincho de la sede, transparentando proyectos y presupuestos presentados. Tambi\u00e9n se dio tratamiento a la donaci\u00f3n de libros recibida por parte de la doctora Mar\u00eda Elisa Morilla, y se comunic\u00f3 las resoluciones de donaciones de un aire acondicionado -por parte del Colegio- al hogar Domingo y Laura y de sanitarios a hogar Madre Teresa de Calcuta. Toda lo actuado fue aprobado por unanimidad.<\/p>\n\n\n\n<p><strong>Mes del Magistrado<\/strong><br>Sobre el final, se presentaron las distintas actividades que el Colegio realizar\u00e1 en marco del Mes del D\u00eda del Magistrado, quedando aprobada la siguiente agenda:<\/p>\n\n\n\n<p>7 de septiembre:<br>\u2022 Jornada Preparatoria del Congreso Nacional de Secretarios.<br>\u2022 Charla y exposici\u00f3n a cargo de los asociados que participaron de la Capacitaci\u00f3n en la Escuela Judicial de Barcelona.<br>\u2022 Presentaci\u00f3n de la Banda de la Polic\u00eda de Corrientes en el patio del Colegio.<br>\u2022 Inauguraci\u00f3n de la Ampliaci\u00f3n del quincho de la sede y Asado a la tabla (informal) entre los asociados.<\/p>\n\n\n\n<p>12 de septiembre:<br>\u2022 Misa por el D\u00eda del Magistrado y la Funci\u00f3n Judicial en la parroquia San Francisco.<\/p>\n\n\n\n<p>15 de septiembre:<br>\u2022 Cena por el D\u00eda del Magistrado y la Funci\u00f3n Judicial en el centro de eventos y convenciones \u201cEspacio Andes\u201d.<\/p>\n\n\n\n<p>Tambi\u00e9n qued\u00f3 aprobado el valor de la tarjeta para el acompa\u00f1ante a la cena, que ser\u00e1 de $1200.<\/p>\n","protected":false},"excerpt":{"rendered":"<p>El s\u00e1bado 11 de agosto se llev\u00f3 a cabo la reuni\u00f3n de Comisi\u00f3n Directiva en la sede del Colegio, presidida por la Dra. Luz Gabriela Masferrer y con la presencia de los miembros titulares de Capital y de las ciudades de Esquina y Mercedes. El encuentro inici\u00f3 con el tratamiento de los temas planteados por asociados del interior, ocasi\u00f3n en [&hellip;]<\/p>\n","protected":false},"author":1,"featured_media":4132,"comment_status":"closed","ping_status":"open","sticky":false,"template":"","format":"standard","meta":{"ngg_post_thumbnail":0},"categories":[13],"tags":[],"_links":{"self":[{"href":"https:\/\/magistradoscorrientes.com\/magistrados\/wp-json\/wp\/v2\/posts\/4117"}],"collection":[{"href":"https:\/\/magistradoscorrientes.com\/magistrados\/wp-json\/wp\/v2\/posts"}],"about":[{"href":"https:\/\/magistradoscorrientes.com\/magistrados\/wp-json\/wp\/v2\/types\/post"}],"author":[{"embeddable":true,"href":"https:\/\/magistradoscorrientes.com\/magistrados\/wp-json\/wp\/v2\/users\/1"}],"replies":[{"embeddable":true,"href":"https:\/\/magistradoscorrientes.com\/magistrados\/wp-json\/wp\/v2\/comments?post=4117"}],"version-history":[{"count":1,"href":"https:\/\/magistradoscorrientes.com\/magistrados\/wp-json\/wp\/v2\/posts\/4117\/revisions"}],"predecessor-version":[{"id":4133,"href":"https:\/\/magistradoscorrientes.com\/magistrados\/wp-json\/wp\/v2\/posts\/4117\/revisions\/4133"}],"wp:featuredmedia":[{"embeddable":true,"href":"https:\/\/magistradoscorrientes.com\/magistrados\/wp-json\/wp\/v2\/media\/4132"}],"wp:attachment":[{"href":"https:\/\/magistradoscorrientes.com\/magistrados\/wp-json\/wp\/v2\/media?parent=4117"}],"wp:term":[{"taxonomy":"category","embeddable":true,"href":"https:\/\/magistradoscorrientes.com\/magistrados\/wp-json\/wp\/v2\/categories?post=4117"},{"taxonomy":"post_tag","embeddable":true,"href":"https:\/\/magistradoscorrientes.com\/magistrados\/wp-json\/wp\/v2\/tags?post=4117"}],"curies":[{"name":"wp","href":"https:\/\/api.w.org\/{rel}","templated":true}]}}