{"id":4142,"date":"2018-07-30T20:18:18","date_gmt":"2018-07-30T23:18:18","guid":{"rendered":"http:\/\/magistradoscorrientes.com\/magistrados\/?p=4142"},"modified":"2020-11-16T20:19:19","modified_gmt":"2020-11-16T23:19:19","slug":"la-fam-repudia-los-atentados-sufridos-por-una-jueza-rosarina","status":"publish","type":"post","link":"https:\/\/magistradoscorrientes.com\/magistrados\/la-fam-repudia-los-atentados-sufridos-por-una-jueza-rosarina\/","title":{"rendered":"La FAM repudia los atentados sufridos por una jueza rosarina"},"content":{"rendered":"\n<p>COMUNICADO DE PRENSA<\/p>\n\n\n\n<p>Buenos Aires, 30 de julio de 2018<\/p>\n\n\n\n<p>Una vez m\u00e1s, la Federaci\u00f3n Argentina de la Magistratura y la Funci\u00f3n Judicial, debe expresarse p\u00fablicamente frente a atentados sufridos por magistrados, vinculados con el ejercicio de sus funciones. Los ataques a domicilios que estuvieron vinculados a la familia de la jueza Marisol Uzandizaga, integrante de un tribunal que conden\u00f3 recientemente a una organizaci\u00f3n acusada de delitos asociados a la narcocriminalidad en la ciudad de Rosario, generan el mayor repudio e incrementan la preocupaci\u00f3n por la integridad f\u00edsica de los magistrados y funcionarios judiciales.<br>La sucesi\u00f3n de atentados de caracter\u00edsticas similares solamente puede ser interpretado como una provocaci\u00f3n a las autoridades estatales y una demostraci\u00f3n de poder e impunidad por parte de los autores. Estas acciones extorsivas han traspasado l\u00edmites que las instituciones no pueden permitir que sean vulnerados. La reacci\u00f3n estatal debe activarse antes de que se produzcan consecuencias irreversibles.<br>La FAM hace llegar su solidaridad a la Dra. Usandizaga, a sus familiares y allegados y se pone a disposici\u00f3n del Colegio de Magistrados y Funcionarios del Poder Judicial de la Provincia de Santa Fe y de las autoridades gubernamentales para colaborar en la superaci\u00f3n de esta grave situaci\u00f3n.<\/p>\n\n\n\n<p>Ariel Ariza &#8211; Presidente de FAM<br>Omar L\u00f3pez &#8211;&nbsp;Secretario de FAM<\/p>\n","protected":false},"excerpt":{"rendered":"<p>COMUNICADO DE PRENSA Buenos Aires, 30 de julio de 2018 Una vez m\u00e1s, la Federaci\u00f3n Argentina de la Magistratura y la Funci\u00f3n Judicial, debe expresarse p\u00fablicamente frente a atentados sufridos por magistrados, vinculados con el ejercicio de sus funciones. Los ataques a domicilios que estuvieron vinculados a la familia de la jueza Marisol Uzandizaga, integrante de un tribunal que conden\u00f3 [&hellip;]<\/p>\n","protected":false},"author":1,"featured_media":4151,"comment_status":"closed","ping_status":"open","sticky":false,"template":"","format":"standard","meta":{"ngg_post_thumbnail":0},"categories":[13],"tags":[],"_links":{"self":[{"href":"https:\/\/magistradoscorrientes.com\/magistrados\/wp-json\/wp\/v2\/posts\/4142"}],"collection":[{"href":"https:\/\/magistradoscorrientes.com\/magistrados\/wp-json\/wp\/v2\/posts"}],"about":[{"href":"https:\/\/magistradoscorrientes.com\/magistrados\/wp-json\/wp\/v2\/types\/post"}],"author":[{"embeddable":true,"href":"https:\/\/magistradoscorrientes.com\/magistrados\/wp-json\/wp\/v2\/users\/1"}],"replies":[{"embeddable":true,"href":"https:\/\/magistradoscorrientes.com\/magistrados\/wp-json\/wp\/v2\/comments?post=4142"}],"version-history":[{"count":1,"href":"https:\/\/magistradoscorrientes.com\/magistrados\/wp-json\/wp\/v2\/posts\/4142\/revisions"}],"predecessor-version":[{"id":4152,"href":"https:\/\/magistradoscorrientes.com\/magistrados\/wp-json\/wp\/v2\/posts\/4142\/revisions\/4152"}],"wp:featuredmedia":[{"embeddable":true,"href":"https:\/\/magistradoscorrientes.com\/magistrados\/wp-json\/wp\/v2\/media\/4151"}],"wp:attachment":[{"href":"https:\/\/magistradoscorrientes.com\/magistrados\/wp-json\/wp\/v2\/media?parent=4142"}],"wp:term":[{"taxonomy":"category","embeddable":true,"href":"https:\/\/magistradoscorrientes.com\/magistrados\/wp-json\/wp\/v2\/categories?post=4142"},{"taxonomy":"post_tag","embeddable":true,"href":"https:\/\/magistradoscorrientes.com\/magistrados\/wp-json\/wp\/v2\/tags?post=4142"}],"curies":[{"name":"wp","href":"https:\/\/api.w.org\/{rel}","templated":true}]}}