{"id":4149,"date":"2018-06-05T20:18:42","date_gmt":"2018-06-05T23:18:42","guid":{"rendered":"http:\/\/magistradoscorrientes.com\/magistrados\/?p=4149"},"modified":"2020-11-16T20:27:24","modified_gmt":"2020-11-16T23:27:24","slug":"jornada-sobre-etica-y-comunicacion","status":"publish","type":"post","link":"https:\/\/magistradoscorrientes.com\/magistrados\/jornada-sobre-etica-y-comunicacion\/","title":{"rendered":"Jornada sobre \u00c9tica y Comunicaci\u00f3n"},"content":{"rendered":"\n<p>En el Colegio de Magistrados tendr\u00e1 lugar el pr\u00f3ximo 15 de junio \u2013desde las 16:00 Hs- una capacitaci\u00f3n sobre \u201c\u00c9tica y Comunicaci\u00f3n\u201d, a cargo de los reconocidos especialistas a nivel internacional, Dr. Luis Francisco Lozano y el Lic. Kevin Lehmann. La actividad estar\u00e1 destinada a magistrados, funcionarios del poder judicial y periodistas del medio.<\/p>\n\n\n\n<p>Continuando con las acciones que el Colegio de Magistrados propone con el fin de brindar herramientas a sus asociados para contribuir al mejoramiento de sus actividades y al servicio de justicia, se realizar\u00e1 una nueva capacitaci\u00f3n en materia de comunicaci\u00f3n que, a su vez, se enmarcar\u00e1 en el Programa de \u00c9tica Judicial impulsado por la Federaci\u00f3n Argentina de la Magistratura.<\/p>\n\n\n\n<p>La actividad denominada \u201cMotivaci\u00f3n, comunicaci\u00f3n y legitimidad de ejercicio en el C\u00f3digo de \u00c9tica Iberoamericano\u201d, se desarrollar\u00e1 de 16 a 20.30 en la sede de calle Buenos Aires 780. Ser\u00e1 no arancelada para asociados e invitados, mientras que para el p\u00fablico en general tendr\u00e1 un costo de $300. La inscripci\u00f3n a la misma ser\u00e1 30 minutos antes en el lugar.<\/p>\n\n\n\n<p>Referencias sobre los disertantes<\/p>\n\n\n\n<p><em>KEVIN LEHMANN<\/em><\/p>\n\n\n\n<p>Soci\u00f3logo (Univ. Complutense, Madrid). Licenciado en Ciencias Pol\u00edticas (Univ. Complutense, Madrid). Maestr\u00eda&nbsp; en Gesti\u00f3n de la Comunicaci\u00f3n en las Organizaciones (Univ. Austral). Posgrado en Opini\u00f3n P\u00fablica y Medios de Comunicaci\u00f3n (FLACSO-INAP) y el Posgrado en Gesti\u00f3n de Pol\u00edticas P\u00fablicas (FLACSO \u2013 INAP). Profesor en la UBA, de la Universidad del Salvador, de la Universidad Austral y de la UNNOBA. Asesor de comunicaci\u00f3n de la Federaci\u00f3n Argentina de la Magistratura, Vocero del Colegio de Magistrados y Funcionarios del Poder Judicial de la Provincia de Buenos Aires; Co Director de la Diplomatura en Comunicaci\u00f3n Judicial de la Escuela de Capacitaci\u00f3n Judicial y la Universidad Nacional de C\u00f3rdoba.<\/p>\n\n\n\n<p><em>LUIS FRANCISCO LOZANO<\/em><\/p>\n\n\n\n<p>Secretario Ejecutivo de la Comisi\u00f3n Iberoamericana de \u00c9tica Judicial de la Cumbre Judicial Iberoamericana.&nbsp; Presidente del Tribunal Superior de Justicia de la Ciudad Aut\u00f3noma de Buenos Aires desde&nbsp; 2011 hasta el 2017. Presidente del Consejo Acad\u00e9mico del Centro de Formaci\u00f3n Judicial de la Ciudad Aut\u00f3noma de Buenos Aires&nbsp;&nbsp; entre&nbsp; 2015 y el 2017. Presidente de la Junta Federal de Cortes y Superiores Tribunales de Justicia de las Provincias Rep\u00fablica Argentinas y dela Ciudad Aut\u00f3noma de Buenos Aires desde Mayo de 2012 hasta Mayo de 2014<\/p>\n","protected":false},"excerpt":{"rendered":"<p>En el Colegio de Magistrados tendr\u00e1 lugar el pr\u00f3ximo 15 de junio \u2013desde las 16:00 Hs- una capacitaci\u00f3n sobre \u201c\u00c9tica y Comunicaci\u00f3n\u201d, a cargo de los reconocidos especialistas a nivel internacional, Dr. Luis Francisco Lozano y el Lic. Kevin Lehmann. La actividad estar\u00e1 destinada a magistrados, funcionarios del poder judicial y periodistas del medio. Continuando con las acciones que el [&hellip;]<\/p>\n","protected":false},"author":1,"featured_media":4167,"comment_status":"closed","ping_status":"open","sticky":false,"template":"","format":"standard","meta":{"ngg_post_thumbnail":0},"categories":[13],"tags":[],"_links":{"self":[{"href":"https:\/\/magistradoscorrientes.com\/magistrados\/wp-json\/wp\/v2\/posts\/4149"}],"collection":[{"href":"https:\/\/magistradoscorrientes.com\/magistrados\/wp-json\/wp\/v2\/posts"}],"about":[{"href":"https:\/\/magistradoscorrientes.com\/magistrados\/wp-json\/wp\/v2\/types\/post"}],"author":[{"embeddable":true,"href":"https:\/\/magistradoscorrientes.com\/magistrados\/wp-json\/wp\/v2\/users\/1"}],"replies":[{"embeddable":true,"href":"https:\/\/magistradoscorrientes.com\/magistrados\/wp-json\/wp\/v2\/comments?post=4149"}],"version-history":[{"count":1,"href":"https:\/\/magistradoscorrientes.com\/magistrados\/wp-json\/wp\/v2\/posts\/4149\/revisions"}],"predecessor-version":[{"id":4168,"href":"https:\/\/magistradoscorrientes.com\/magistrados\/wp-json\/wp\/v2\/posts\/4149\/revisions\/4168"}],"wp:featuredmedia":[{"embeddable":true,"href":"https:\/\/magistradoscorrientes.com\/magistrados\/wp-json\/wp\/v2\/media\/4167"}],"wp:attachment":[{"href":"https:\/\/magistradoscorrientes.com\/magistrados\/wp-json\/wp\/v2\/media?parent=4149"}],"wp:term":[{"taxonomy":"category","embeddable":true,"href":"https:\/\/magistradoscorrientes.com\/magistrados\/wp-json\/wp\/v2\/categories?post=4149"},{"taxonomy":"post_tag","embeddable":true,"href":"https:\/\/magistradoscorrientes.com\/magistrados\/wp-json\/wp\/v2\/tags?post=4149"}],"curies":[{"name":"wp","href":"https:\/\/api.w.org\/{rel}","templated":true}]}}