{"id":4169,"date":"2018-06-05T20:27:26","date_gmt":"2018-06-05T23:27:26","guid":{"rendered":"http:\/\/magistradoscorrientes.com\/magistrados\/?p=4169"},"modified":"2020-11-16T20:28:27","modified_gmt":"2020-11-16T23:28:27","slug":"la-comision-nacional-de-secretarios-avanza-con-los-preparativos-de-cara-al-congreso-nacional","status":"publish","type":"post","link":"https:\/\/magistradoscorrientes.com\/magistrados\/la-comision-nacional-de-secretarios-avanza-con-los-preparativos-de-cara-al-congreso-nacional\/","title":{"rendered":"La Comisi\u00f3n Nacional de Secretarios avanza con los preparativos de cara al Congreso Nacional"},"content":{"rendered":"\n<p>En paralelo a la 105\u00b0 Asamblea de la Federaci\u00f3n Argentina de la Magistratura, los d\u00edas 17 y 18 de mayo, se realiz\u00f3 la primera reuni\u00f3n de la Comisi\u00f3n Nacional de Secretarios. Con la participaci\u00f3n de representantes de 12 provincias y CABA, avanzaron en definiciones de cara al Congreso Nacional y abordaron diversas tem\u00e1ticas particulares y comunes a las distintas jurisdicciones.<br>Con amplia convocatoria se desarroll\u00f3 el encuentro de la Comisi\u00f3n de Secretarios que por Corrientes tuvo como representantes a las Dras. Mar\u00eda Jos\u00e9 Barrero y Liliana Pasetto. En la ocasi\u00f3n, se trabaj\u00f3 en los preparativos del Congreso Nacional del Secretariado Judicial y del Ministerio P\u00fablico, que tendr\u00e1 lugar en Resistencia los d\u00edas 13 y 14 de septiembre del corriente a\u00f1o.<br>Al respecto, se determin\u00f3 que el arancel de inscripci\u00f3n ser\u00e1 hasta el 10 de agosto $2250; a partir de esa fecha costar\u00e1 a $2500. Adem\u00e1s, se definieron como temas ejes del Congreso: Asociacionismo; Rol del Secretariado y Condiciones laborales.<br>Por otra parte, a lo largo de ambas jornadas se abordaron cuestiones de inter\u00e9s com\u00fan a las diversas provincias como ser recomposici\u00f3n salarial, horarios de trabajo, licencias, obra social, entre otras. Tambi\u00e9n se trabaj\u00f3 en torno a las situaciones y problem\u00e1ticas del Secretariado en casos particulares.<br>Con el objetivo de brindar un abordaje integral a lo planteado, la Comisi\u00f3n determin\u00f3 segmentar el trabajo en subcomisiones con representantes de las diferentes provincias que -de manera virtual- trabajar\u00e1n en relaci\u00f3n a los temas: seguridad social; licencias; cuestiones salariales; asociacionismo; jornada laboral; reformas procesales; capacitaci\u00f3n y carrera laboral.<\/p>\n\n\n\n<p>Reconocimiento de FAM<\/p>\n\n\n\n<p>Cabe se\u00f1alar que el encuentro del Secretariado Nacional obtuvo la distinci\u00f3n del presidente de la FAM, Dr. Ariel Ariza, quien en el discurso de apertura de la Asamblea hizo un reconocimiento y valorizaci\u00f3n de la funci\u00f3n del secretario y tambi\u00e9n del rol de la Comisi\u00f3n Nacional. Adem\u00e1s, el presidente acompa\u00f1\u00f3 el encuentro participando activamente e intercambiando charlas y opiniones con los representantes presentes durante la reuni\u00f3n.<\/p>\n","protected":false},"excerpt":{"rendered":"<p>En paralelo a la 105\u00b0 Asamblea de la Federaci\u00f3n Argentina de la Magistratura, los d\u00edas 17 y 18 de mayo, se realiz\u00f3 la primera reuni\u00f3n de la Comisi\u00f3n Nacional de Secretarios. Con la participaci\u00f3n de representantes de 12 provincias y CABA, avanzaron en definiciones de cara al Congreso Nacional y abordaron diversas tem\u00e1ticas particulares y comunes a las distintas jurisdicciones.Con [&hellip;]<\/p>\n","protected":false},"author":1,"featured_media":4178,"comment_status":"closed","ping_status":"open","sticky":false,"template":"","format":"standard","meta":{"ngg_post_thumbnail":0},"categories":[13],"tags":[],"_links":{"self":[{"href":"https:\/\/magistradoscorrientes.com\/magistrados\/wp-json\/wp\/v2\/posts\/4169"}],"collection":[{"href":"https:\/\/magistradoscorrientes.com\/magistrados\/wp-json\/wp\/v2\/posts"}],"about":[{"href":"https:\/\/magistradoscorrientes.com\/magistrados\/wp-json\/wp\/v2\/types\/post"}],"author":[{"embeddable":true,"href":"https:\/\/magistradoscorrientes.com\/magistrados\/wp-json\/wp\/v2\/users\/1"}],"replies":[{"embeddable":true,"href":"https:\/\/magistradoscorrientes.com\/magistrados\/wp-json\/wp\/v2\/comments?post=4169"}],"version-history":[{"count":1,"href":"https:\/\/magistradoscorrientes.com\/magistrados\/wp-json\/wp\/v2\/posts\/4169\/revisions"}],"predecessor-version":[{"id":4179,"href":"https:\/\/magistradoscorrientes.com\/magistrados\/wp-json\/wp\/v2\/posts\/4169\/revisions\/4179"}],"wp:featuredmedia":[{"embeddable":true,"href":"https:\/\/magistradoscorrientes.com\/magistrados\/wp-json\/wp\/v2\/media\/4178"}],"wp:attachment":[{"href":"https:\/\/magistradoscorrientes.com\/magistrados\/wp-json\/wp\/v2\/media?parent=4169"}],"wp:term":[{"taxonomy":"category","embeddable":true,"href":"https:\/\/magistradoscorrientes.com\/magistrados\/wp-json\/wp\/v2\/categories?post=4169"},{"taxonomy":"post_tag","embeddable":true,"href":"https:\/\/magistradoscorrientes.com\/magistrados\/wp-json\/wp\/v2\/tags?post=4169"}],"curies":[{"name":"wp","href":"https:\/\/api.w.org\/{rel}","templated":true}]}}