{"id":4170,"date":"2018-06-01T20:27:28","date_gmt":"2018-06-01T23:27:28","guid":{"rendered":"http:\/\/magistradoscorrientes.com\/magistrados\/?p=4170"},"modified":"2020-11-16T20:29:47","modified_gmt":"2020-11-16T23:29:47","slug":"comunicado-de-fam-en-repudio-a-los-atentados-contra-magistrado-santafesino","status":"publish","type":"post","link":"https:\/\/magistradoscorrientes.com\/magistrados\/comunicado-de-fam-en-repudio-a-los-atentados-contra-magistrado-santafesino\/","title":{"rendered":"Comunicado de FAM en repudio a los atentados contra magistrado santafesino"},"content":{"rendered":"\n<p>La Federaci\u00f3n Argentina de la Magistratura y la Funci\u00f3n Judicial, expresa su m\u00e1s en\u00e9rgico repudio a los ataques perpetrados en la ciudad de Rosario con el indisimulado fin de amedrentar a un juez en ejercicio y hace llegar la solidaridad de los magistrados y funcionarios de las provincias argentinas y CABA.<br>Se registra un incremento de los actos de violencia contra magistrados y funcionarios, resultando por lo tanto imperioso que las autoridades tomen medidas urgentes para garantizar la existencia de poderes judiciales independientes.<br>La FAM hace un llamamiento p\u00fablico a los tres Poderes del Estado a trabajar en la puesta en marcha de acciones que protejan a los ciudadanos que intervienen en procesos judiciales, sea cual sea su rol dentro de ellos, y a los operadores del sistema de justicia, con el fin de asegurar que las decisiones jurisdiccionales sean tomadas sin presiones de ninguna naturaleza.<\/p>\n\n\n\n<p>Ariel Ariza<br>Presidente Federaci\u00f3n Argentina de la Magistratura y la Funci\u00f3n Judicial<\/p>\n\n\n\n<p>Omar L\u00f3pez<br>Secretario Federaci\u00f3n Argentina de la Magistratura y la Funci\u00f3n Judicial<\/p>\n\n\n\n<p>Adem\u00e1s, otras autoridades han expresado su repudio a estos hechos de p\u00fablico conocimiento, como ser el Ministro de Justicia de la Naci\u00f3n, Germ\u00e1n Garavano; el gobernador de la provincia de Santa Fe, Miguel Lifschitz; la Corte Suprema de Justicia de esa provincia; entre otros. En el siguiente link se podr\u00e1 acceder a la nota con las declaraciones:&nbsp;<a href=\"http:\/\/127.0.0.1\/notix\/noticia\/00764\/582\/%22http:\/\/fam.org.ar\/noticia\/672\/a-la-violencia-se-le-respondio-con-un-contundente-rechazo%22\">http:\/\/fam.org.ar\/noticia\/672\/a-la-violencia-se-le-respondio-con-un-contundente-rechazo<\/a><\/p>\n","protected":false},"excerpt":{"rendered":"<p>La Federaci\u00f3n Argentina de la Magistratura y la Funci\u00f3n Judicial, expresa su m\u00e1s en\u00e9rgico repudio a los ataques perpetrados en la ciudad de Rosario con el indisimulado fin de amedrentar a un juez en ejercicio y hace llegar la solidaridad de los magistrados y funcionarios de las provincias argentinas y CABA.Se registra un incremento de los actos de violencia contra [&hellip;]<\/p>\n","protected":false},"author":1,"featured_media":4180,"comment_status":"closed","ping_status":"open","sticky":false,"template":"","format":"standard","meta":{"ngg_post_thumbnail":0},"categories":[13],"tags":[],"_links":{"self":[{"href":"https:\/\/magistradoscorrientes.com\/magistrados\/wp-json\/wp\/v2\/posts\/4170"}],"collection":[{"href":"https:\/\/magistradoscorrientes.com\/magistrados\/wp-json\/wp\/v2\/posts"}],"about":[{"href":"https:\/\/magistradoscorrientes.com\/magistrados\/wp-json\/wp\/v2\/types\/post"}],"author":[{"embeddable":true,"href":"https:\/\/magistradoscorrientes.com\/magistrados\/wp-json\/wp\/v2\/users\/1"}],"replies":[{"embeddable":true,"href":"https:\/\/magistradoscorrientes.com\/magistrados\/wp-json\/wp\/v2\/comments?post=4170"}],"version-history":[{"count":1,"href":"https:\/\/magistradoscorrientes.com\/magistrados\/wp-json\/wp\/v2\/posts\/4170\/revisions"}],"predecessor-version":[{"id":4181,"href":"https:\/\/magistradoscorrientes.com\/magistrados\/wp-json\/wp\/v2\/posts\/4170\/revisions\/4181"}],"wp:featuredmedia":[{"embeddable":true,"href":"https:\/\/magistradoscorrientes.com\/magistrados\/wp-json\/wp\/v2\/media\/4180"}],"wp:attachment":[{"href":"https:\/\/magistradoscorrientes.com\/magistrados\/wp-json\/wp\/v2\/media?parent=4170"}],"wp:term":[{"taxonomy":"category","embeddable":true,"href":"https:\/\/magistradoscorrientes.com\/magistrados\/wp-json\/wp\/v2\/categories?post=4170"},{"taxonomy":"post_tag","embeddable":true,"href":"https:\/\/magistradoscorrientes.com\/magistrados\/wp-json\/wp\/v2\/tags?post=4170"}],"curies":[{"name":"wp","href":"https:\/\/api.w.org\/{rel}","templated":true}]}}