{"id":4171,"date":"2018-05-28T20:27:32","date_gmt":"2018-05-28T23:27:32","guid":{"rendered":"http:\/\/magistradoscorrientes.com\/magistrados\/?p=4171"},"modified":"2020-11-16T20:31:32","modified_gmt":"2020-11-16T23:31:32","slug":"105-asamblea-de-fam","status":"publish","type":"post","link":"https:\/\/magistradoscorrientes.com\/magistrados\/105-asamblea-de-fam\/","title":{"rendered":"105\u00b0 Asamblea de FAM"},"content":{"rendered":"\n<p>En la ciudad de Santa Rosa, La Pampa, se llev\u00f3 a cabo la 105\u00b0 Asamblea Extraordinaria de Junta Gobierno de la Federaci\u00f3n Argentina de la Magistratura (FAM), los d\u00edas 17 y 18 de mayo. Asistieron a ella representantes de la mayor\u00eda de las asociaciones y colegios integrantes del organismo, provenientes de distintas provincias. Por Corrientes, y en su car\u00e1cter de Directora del Instituto de Estudios Judiciales, particip\u00f3 la Dra. Luz Gabriela Masferrer.\u00a0<br>El acto de apertura del encuentro se llev\u00f3 a cabo en el Sal\u00f3n Auditorio de la Ciudad Judicial de esa ciudad, donde el presidente de la FAM, Dr. Ariel Ariza, y el presidente de la Asociaci\u00f3n anfitriona, Dr. Miguel Vagge dieron inicio a la jornada de trabajo. Acompa\u00f1aron el evento ministros del Superior Tribunal de Justicia de la Pampa, y la presidente del Alto Cuerpo, Dra. Elena Victoria Fresco.<br>Tras los discursos de apertura se vivi\u00f3 un momento muy emotivo en el cual la FAM, en la persona de su presidente, otorg\u00f3 una menci\u00f3n especial a la jueza pampeana Elvira Rosetti galardonada con el Premio al M\u00e9rito Judicial Iberoamericano por parte de la Comisi\u00f3n Iberoamericana de \u00c9tica Judicial, reconociendo su trayectoria y comportamiento \u00e9tico a lo largo de su carrera.<br>Una vez conclu\u00eddo el acto apertura, la comitiva de representantes se traslad\u00f3 al Hotel Unit, donde se llev\u00f3 a cabo la 105\u00b0 Asamblea. La misma dio inicio con el informe de Presidencia, en el cual el Dr. Ariza present\u00f3 las actividades realizadas durante todo el per\u00edodo.<br>Durante el encuentro se generaron espacios de intercambio para abordar diversas tem\u00e1ticas comunes a las provincias, entre ellas, impuesto a las ganancias. Luego de referir el relevamiento del estado de situaci\u00f3n en las distintas jurisdicciones y, tras compartir un debate al respecto, los presentes decidieron mayoritariamente suscribir la solicitud de intervenci\u00f3n de FAM en la acci\u00f3n mere-declarativa sobre la interpretaci\u00f3n de la Ley 27346 modificatoria de la Ley de Impuesto a las ganancias, iniciada por la Asociaci\u00f3n Nacional de Magistrados ante el Juzgado Nacional en lo Contencioso Administrativo Federal N\u00b03 y que ya ha obtenido resoluci\u00f3n cautelar favorable.<br>Desde el Instituto de Investigaciones Judiciales su directora, Dra. Viviana Taboada, inform\u00f3 acerca de un estudio realizado sobre los sistemas previsionales provinciales, brindando un panorama completo acerca de la normativa y la situaci\u00f3n actual a nivel federal.<br>Por su parte, la Dra. Masferrer coment\u00f3 sobre las actividades previstas por el Instituto de Estudios Judiciales -a su cargo- como ser el pr\u00f3ximo lanzamiento de los cursos virtuales que se brindar\u00e1 para los asociados de todos los colegios y asociaciones integrantes de la Federaci\u00f3n a partir del mes de agosto. Al respecto, adelant\u00f3 que los primeros a implementarse ser\u00e1n los de Ni\u00f1ez y Adolescencia Vulnerable y de Derecho Procesal Penal \u2013 Sistema Acusatorio. Explic\u00f3 que cada m\u00f3dulo estar\u00e1 a cargo de un docente y podr\u00e1n designarse tutores para comisiones de hasta 30 alumnos.<br>Adem\u00e1s, la Dra. Masferrer coment\u00f3 acerca de la actividad que se llevar\u00e1 a cabo en Corrientes sobre \u201c\u00c9tica y Comunicaci\u00f3n\u201d en marco del Programa de \u00c9tica Judicial de la FAM, los d\u00edas 15 y 16 de junio y estar\u00e1 a cargo de los especialistas Dr. Luis Lozano y el Lic. Kevin Lehman. Al respecto, se\u00f1al\u00f3 que estas jornadas ser\u00e1n registradas en material audiovisual que posteriormente ser\u00e1 compartido con las dem\u00e1s asociaciones, para trabajar en talleres en todas las provincias.<br>Continuando con las actividades propiciadas por la Federaci\u00f3n, se inform\u00f3 sobre el Media Training que se realiz\u00f3 en la ciudad de Buenos Aires en el mes de abril y se hizo menci\u00f3n a un segundo curso a realizarse en el Noroeste argentino.<br>En otro orden de cuestiones, los representantes de los distintos colegios expusieron sobre la situaci\u00f3n de los poderes judiciales de las distintas provincias y de la Ciudad Aut\u00f3noma de Buenos Aires. De este intercambio surgieron los contenidos de la Declaraci\u00f3n de FAM en la cual se expresa el apoyo a diversas tem\u00e1ticas planteadas \u2013ver adjunto al pie-.<br>Durante la Asamblea Extraordinaria, desde las distintas provincias invitaron a participar de los eventos que se encuentran organizando. En ese marco, el Dr. Chaia anunci\u00f3 el primer \u201cEncuentro Nacional de Evaluaci\u00f3n y Funcionamiento de los Sistemas Acusatorios Provinciales\u201d que se llevar\u00e1 a cabo en la ciudad de Concepci\u00f3n del Uruguay los d\u00edas 3 y 4 de agosto.<br>P\u00e1rrafo aparte tuvieron en la reuni\u00f3n las \u201cJornadas Deportivas Nacionales de la FAM\u201d, oportunidad en la que se difundi\u00f3 informaci\u00f3n y detalles de cuestiones organizativas y se solicit\u00f3 que los interesados en participar se inscriban a trav\u00e9s de los colegios. Se destac\u00f3 el car\u00e1cter recreativo de la actividad y su contribuci\u00f3n al fortalecimiento de los lazos asociacionistas.<br>Concluido el tratamiento de los temas incluidos en el Orden del D\u00eda de la Asamblea se procedi\u00f3 a la firma de una Declaraci\u00f3n Conjunta de FAM con la Federaci\u00f3n Argentina de Colegio de Abogados (FACA), representada por su presidente, Dr. Eduardo Massot. A trav\u00e9s de esta declaraci\u00f3n, ambos organismos plasmaron un hecho in\u00e9dito: el inicio de una pol\u00edtica de trabajo coordinado entre los representantes de los abogados y los magistrados y funcionarios del todo el pa\u00eds con el objetivo principal de lograr el mejoramiento de la administraci\u00f3n del servicio de Justicia. \u2013Ver declaraci\u00f3n en adjunto al pie-.<br>Finalmente, los magistrados presentes recibieron la visita del reconocido m\u00e9dico psiquiatra Enrique De La Rosa quien brind\u00f3 una charla \u2013con orientaci\u00f3n cient\u00edfica- respecto de la necesidad de los cambios de paradigma en la Justicia a trav\u00e9s de sus actores.<\/p>\n","protected":false},"excerpt":{"rendered":"<p>En la ciudad de Santa Rosa, La Pampa, se llev\u00f3 a cabo la 105\u00b0 Asamblea Extraordinaria de Junta Gobierno de la Federaci\u00f3n Argentina de la Magistratura (FAM), los d\u00edas 17 y 18 de mayo. Asistieron a ella representantes de la mayor\u00eda de las asociaciones y colegios integrantes del organismo, provenientes de distintas provincias. Por Corrientes, y en su car\u00e1cter de [&hellip;]<\/p>\n","protected":false},"author":1,"featured_media":4182,"comment_status":"closed","ping_status":"open","sticky":false,"template":"","format":"standard","meta":{"ngg_post_thumbnail":0},"categories":[13],"tags":[],"_links":{"self":[{"href":"https:\/\/magistradoscorrientes.com\/magistrados\/wp-json\/wp\/v2\/posts\/4171"}],"collection":[{"href":"https:\/\/magistradoscorrientes.com\/magistrados\/wp-json\/wp\/v2\/posts"}],"about":[{"href":"https:\/\/magistradoscorrientes.com\/magistrados\/wp-json\/wp\/v2\/types\/post"}],"author":[{"embeddable":true,"href":"https:\/\/magistradoscorrientes.com\/magistrados\/wp-json\/wp\/v2\/users\/1"}],"replies":[{"embeddable":true,"href":"https:\/\/magistradoscorrientes.com\/magistrados\/wp-json\/wp\/v2\/comments?post=4171"}],"version-history":[{"count":1,"href":"https:\/\/magistradoscorrientes.com\/magistrados\/wp-json\/wp\/v2\/posts\/4171\/revisions"}],"predecessor-version":[{"id":4183,"href":"https:\/\/magistradoscorrientes.com\/magistrados\/wp-json\/wp\/v2\/posts\/4171\/revisions\/4183"}],"wp:featuredmedia":[{"embeddable":true,"href":"https:\/\/magistradoscorrientes.com\/magistrados\/wp-json\/wp\/v2\/media\/4182"}],"wp:attachment":[{"href":"https:\/\/magistradoscorrientes.com\/magistrados\/wp-json\/wp\/v2\/media?parent=4171"}],"wp:term":[{"taxonomy":"category","embeddable":true,"href":"https:\/\/magistradoscorrientes.com\/magistrados\/wp-json\/wp\/v2\/categories?post=4171"},{"taxonomy":"post_tag","embeddable":true,"href":"https:\/\/magistradoscorrientes.com\/magistrados\/wp-json\/wp\/v2\/tags?post=4171"}],"curies":[{"name":"wp","href":"https:\/\/api.w.org\/{rel}","templated":true}]}}