{"id":4173,"date":"2018-05-25T20:27:42","date_gmt":"2018-05-25T23:27:42","guid":{"rendered":"http:\/\/magistradoscorrientes.com\/magistrados\/?p=4173"},"modified":"2020-11-16T20:32:54","modified_gmt":"2020-11-16T23:32:54","slug":"campana-solidaria-para-el-refugio-juan-pablo-ii","status":"publish","type":"post","link":"https:\/\/magistradoscorrientes.com\/magistrados\/campana-solidaria-para-el-refugio-juan-pablo-ii\/","title":{"rendered":"Campa\u00f1a solidaria para el refugio Juan Pablo II"},"content":{"rendered":"\n<p>El Colegio de Magistrados se suma a la campa\u00f1a solidaria por el refugio \u00abJuan Pablo II\u00bb que funciona en la parroquia Nuestra Se\u00f1ora de Itat\u00ed, en Capital,&nbsp; donde se albergan cien personas entre los que se encuentran: pacientes oncol\u00f3gicos \u2013que est\u00e1n atravesando tratamientos de quimioterapia-; j\u00f3venes del interior que tienen a sus beb\u00e9s o familiares internados en hospitales de Capital; personas en situaci\u00f3n de calle; entre otros. All\u00ed, ellos reciben cena caliente, cuentan con ba\u00f1os y duchas, un lugar c\u00f3modo para el descanso, y desayuno por las ma\u00f1anas.<\/p>\n\n\n\n<p>Por todo esto, y para poder seguir prestando este noble servicio, necesitan:<br>???? Art\u00edculos de higiene personal (cepillos de dientes, peine, pasta dental, jabones, etc.),<br>???? Mercader\u00eda\/ alimentos no perecederos. Fundamentalmente yerba, az\u00facar y leche.<br>???? Ropas, calzados y abrigos. Se reciben art\u00edculos usados pero en buen estado.<\/p>\n\n\n\n<p>Las donaciones pueden acercarse a la sede del Colegio, sita Buenos Aires 780-, de lunes a viernes en el horario de 8 a 13 y de 17 a 20 Hs.<\/p>\n","protected":false},"excerpt":{"rendered":"<p>El Colegio de Magistrados se suma a la campa\u00f1a solidaria por el refugio \u00abJuan Pablo II\u00bb que funciona en la parroquia Nuestra Se\u00f1ora de Itat\u00ed, en Capital,&nbsp; donde se albergan cien personas entre los que se encuentran: pacientes oncol\u00f3gicos \u2013que est\u00e1n atravesando tratamientos de quimioterapia-; j\u00f3venes del interior que tienen a sus beb\u00e9s o familiares internados en hospitales de Capital; [&hellip;]<\/p>\n","protected":false},"author":1,"featured_media":4186,"comment_status":"closed","ping_status":"open","sticky":false,"template":"","format":"standard","meta":{"ngg_post_thumbnail":0},"categories":[13],"tags":[],"_links":{"self":[{"href":"https:\/\/magistradoscorrientes.com\/magistrados\/wp-json\/wp\/v2\/posts\/4173"}],"collection":[{"href":"https:\/\/magistradoscorrientes.com\/magistrados\/wp-json\/wp\/v2\/posts"}],"about":[{"href":"https:\/\/magistradoscorrientes.com\/magistrados\/wp-json\/wp\/v2\/types\/post"}],"author":[{"embeddable":true,"href":"https:\/\/magistradoscorrientes.com\/magistrados\/wp-json\/wp\/v2\/users\/1"}],"replies":[{"embeddable":true,"href":"https:\/\/magistradoscorrientes.com\/magistrados\/wp-json\/wp\/v2\/comments?post=4173"}],"version-history":[{"count":1,"href":"https:\/\/magistradoscorrientes.com\/magistrados\/wp-json\/wp\/v2\/posts\/4173\/revisions"}],"predecessor-version":[{"id":4187,"href":"https:\/\/magistradoscorrientes.com\/magistrados\/wp-json\/wp\/v2\/posts\/4173\/revisions\/4187"}],"wp:featuredmedia":[{"embeddable":true,"href":"https:\/\/magistradoscorrientes.com\/magistrados\/wp-json\/wp\/v2\/media\/4186"}],"wp:attachment":[{"href":"https:\/\/magistradoscorrientes.com\/magistrados\/wp-json\/wp\/v2\/media?parent=4173"}],"wp:term":[{"taxonomy":"category","embeddable":true,"href":"https:\/\/magistradoscorrientes.com\/magistrados\/wp-json\/wp\/v2\/categories?post=4173"},{"taxonomy":"post_tag","embeddable":true,"href":"https:\/\/magistradoscorrientes.com\/magistrados\/wp-json\/wp\/v2\/tags?post=4173"}],"curies":[{"name":"wp","href":"https:\/\/api.w.org\/{rel}","templated":true}]}}