{"id":4174,"date":"2018-05-21T20:27:48","date_gmt":"2018-05-21T23:27:48","guid":{"rendered":"http:\/\/magistradoscorrientes.com\/magistrados\/?p=4174"},"modified":"2020-11-16T20:33:32","modified_gmt":"2020-11-16T23:33:32","slug":"balance-reunion-de-comision-directiva-mayo-2018","status":"publish","type":"post","link":"https:\/\/magistradoscorrientes.com\/magistrados\/balance-reunion-de-comision-directiva-mayo-2018\/","title":{"rendered":"Balance reuni\u00f3n de Comisi\u00f3n Directiva \u2013 Mayo 2018"},"content":{"rendered":"\n<p>En la sede del Colegio de Abogados de Curuz\u00fa Cuati\u00e1, se llev\u00f3 a cabo el pasado s\u00e1bado 12 de mayo la reuni\u00f3n mensual de Comisi\u00f3n Directiva que cont\u00f3 con la presencia de vocales de esa localidad, Mercedes, Paso de los Libres, Monte Caseros, Esquina, Itat\u00ed, Ituzaing\u00f3 y Capital. Adem\u00e1s, acompa\u00f1aron asociados del Colegio de Magistrados de esa circunscripci\u00f3n.<br>El encuentro inici\u00f3 dando tratamiento a temas propuestos por asociados del interior, plante\u00e1ndose cuestiones como la necesidad de poner en funcionamiento la oficina de mediaci\u00f3n y la C\u00e1mara Gesell en Esquina; la fecha de traslado del TOP de Mercedes al nuevo edificio; la necesidad de personal policial para seguridad del juzgado de Monte Caseros; el estado edilicio y anunciadas reparaciones en la Fiscal\u00eda de Paso de los Libres.<br>Desde Curuz\u00fa se plante\u00f3 la necesidad de cobertura de cargos para el Juzgado de Familia pr\u00f3ximo a implementarse y el cargo de psiquiatra de esa circunscripci\u00f3n ante el inminente pedido de licencia de la profesional a cargo. Adem\u00e1s, solicitaron gestiones para acompa\u00f1ar el pedido de contar con un espacio para el archivo de expedientes.<br>Otro de los puntos abordados en la reuni\u00f3n fue el de las acusaciones que -v\u00eda redes sociales- recibieron magistradas de Paso de los Libres y Capital, a ra\u00edz de casos de trascendencia p\u00fablica. Tras un interesante debate en torno a la materia, la presidente del Colegio, Dra. Luz Gabriela Masferrer, coment\u00f3 que desde la instituci\u00f3n se est\u00e1n preparando las Jornadas de \u00c9tica y Comunicaci\u00f3n -que se llevar\u00e1n a cabo en el mes de junio-, a cargo del Dr. Luis Lozano y el licenciado Kevin Lehman, e invit\u00f3 a todos los asociados a participar de ellas ya que se tratar\u00e1n tem\u00e1ticas relacionados con el posicionamiento frente al espacio p\u00fablico.<br>Tras un intercambio compartido entre los presentes en relaci\u00f3n a variadas tem\u00e1ticas que hacen al funcionamiento del servicio de justicia y su vinculaci\u00f3n con otros organismos estatales, se resolvi\u00f3 gestionar nuevamente una reuni\u00f3n con los ministros de Seguridad y de Salud para avanzar en cuestiones relacionadas al trabajo conjunto entre los equipos y dependencias de esas carteras y la funci\u00f3n judicial.<br>Continuando con el Orden del D\u00eda, en el segundo punto se resolvi\u00f3 solicitar al Superior Tribunal de Justicia se releve, al Tribunal Electoral del Colegio, de la funci\u00f3n electoral para representantes al Consejo de la Magistratura y Jury de Enjuiciamiento, considerando que dicha tarea fue encomendada al inicio del funcionamiento de tales \u00f3rganos por motivos estrictamente organizativos y para obtener su primera conformaci\u00f3n, la que debe cesar habiendo pasado varios a\u00f1os desde aquella atribuci\u00f3n.\u00a0<br>Al momento de realizar su Informe de Presidencia, la Dra. Luz Masferrer, coment\u00f3 que se reiter\u00f3 al Superior Tribunal de Justicia la propuesta de modificaci\u00f3n respecto de la afectaci\u00f3n del presentismo en las licencias por razones de enfermedad, y que se manifest\u00f3 \u2013nota mediante- la preocupaci\u00f3n respecto de la aceptaci\u00f3n de la renuncia del secretario de la Justicia de Paz de Loreto, sin considerar que hubo una retractaci\u00f3n realizada posteriormente por el agente judicial.<br>La presidente tambi\u00e9n hizo referencia a la participaci\u00f3n de un grupo de asociadas a la \u201cConferencia Internacional de Mujeres Juezas\u201d de la IAWJ, a las que les otorg\u00f3 la representaci\u00f3n del Colegio. Coment\u00f3, adem\u00e1s, sobre la invitaci\u00f3n que se recibi\u00f3 a trav\u00e9s de FAM para el curso \u2018Los Desaf\u00edos del Derecho en la Era Global\u2019 para magistrados y funcionarios que se realizar\u00e1 del 16 al 22 de septiembre en las ciudades de Roma y Palermo, Italia.<br>Por otra parte, destac\u00f3 las actividades de capacitaci\u00f3n que se realizar\u00e1n en el Colegio como ser el Simulacro de Audiencia de Debate en juicio oral del Club de litigaci\u00f3n \u2013previsto para el 18 de mayo-, y remarc\u00f3 que el Colegio auspiciar\u00e1 un ciclo de conferencias que se iniciar\u00e1 en la ciudad de Mercedes de sobre \u201cDerecho Procesal Penal y el sistema acusatorio\u201d los d\u00edas 8 y 9 de junio.<br>Finalmente, la presidente hizo menci\u00f3n a reuniones informativas que se llevaron a cabo la semana anterior. La primera de ellas con representantes del Banco CREDICOOP con el que el Colegio tiene convenios vigentes donde se presentaron los beneficios; y la segunda con jueces de primera instancia de Capital donde intercambiaron ideas respecto de la Ley de Desdoblamiento de juzgados.<br>Al finalizar la reuni\u00f3n de Comisi\u00f3n se confirm\u00f3 que el pr\u00f3ximo encuentro ser\u00e1 en la localidad de Goya el 2 de junio, y seguidamente se comparti\u00f3 un almuerzo de camarader\u00eda con asociados de la localidad.<\/p>\n","protected":false},"excerpt":{"rendered":"<p>En la sede del Colegio de Abogados de Curuz\u00fa Cuati\u00e1, se llev\u00f3 a cabo el pasado s\u00e1bado 12 de mayo la reuni\u00f3n mensual de Comisi\u00f3n Directiva que cont\u00f3 con la presencia de vocales de esa localidad, Mercedes, Paso de los Libres, Monte Caseros, Esquina, Itat\u00ed, Ituzaing\u00f3 y Capital. Adem\u00e1s, acompa\u00f1aron asociados del Colegio de Magistrados de esa circunscripci\u00f3n.El encuentro inici\u00f3 [&hellip;]<\/p>\n","protected":false},"author":1,"featured_media":4188,"comment_status":"closed","ping_status":"open","sticky":false,"template":"","format":"standard","meta":{"ngg_post_thumbnail":0},"categories":[13],"tags":[],"_links":{"self":[{"href":"https:\/\/magistradoscorrientes.com\/magistrados\/wp-json\/wp\/v2\/posts\/4174"}],"collection":[{"href":"https:\/\/magistradoscorrientes.com\/magistrados\/wp-json\/wp\/v2\/posts"}],"about":[{"href":"https:\/\/magistradoscorrientes.com\/magistrados\/wp-json\/wp\/v2\/types\/post"}],"author":[{"embeddable":true,"href":"https:\/\/magistradoscorrientes.com\/magistrados\/wp-json\/wp\/v2\/users\/1"}],"replies":[{"embeddable":true,"href":"https:\/\/magistradoscorrientes.com\/magistrados\/wp-json\/wp\/v2\/comments?post=4174"}],"version-history":[{"count":1,"href":"https:\/\/magistradoscorrientes.com\/magistrados\/wp-json\/wp\/v2\/posts\/4174\/revisions"}],"predecessor-version":[{"id":4189,"href":"https:\/\/magistradoscorrientes.com\/magistrados\/wp-json\/wp\/v2\/posts\/4174\/revisions\/4189"}],"wp:featuredmedia":[{"embeddable":true,"href":"https:\/\/magistradoscorrientes.com\/magistrados\/wp-json\/wp\/v2\/media\/4188"}],"wp:attachment":[{"href":"https:\/\/magistradoscorrientes.com\/magistrados\/wp-json\/wp\/v2\/media?parent=4174"}],"wp:term":[{"taxonomy":"category","embeddable":true,"href":"https:\/\/magistradoscorrientes.com\/magistrados\/wp-json\/wp\/v2\/categories?post=4174"},{"taxonomy":"post_tag","embeddable":true,"href":"https:\/\/magistradoscorrientes.com\/magistrados\/wp-json\/wp\/v2\/tags?post=4174"}],"curies":[{"name":"wp","href":"https:\/\/api.w.org\/{rel}","templated":true}]}}